{"id":3483,"date":"2026-08-14T12:26:05","date_gmt":"2026-08-14T09:26:05","guid":{"rendered":"https:\/\/theologos-culturalclub.com\/?p=3483"},"modified":"2026-08-18T13:38:51","modified_gmt":"2026-08-18T10:38:51","slug":"festrede-zum-fuenfzigjaehrigen-bestehen","status":"publish","type":"post","link":"https:\/\/theologos-culturalclub.com\/de\/festrede-zum-fuenfzigjaehrigen-bestehen\/","title":{"rendered":"Festrede zum f\u00fcnfzigj\u00e4hrigen Bestehen"},"content":{"rendered":"<p class=\"ql-align-center\"><strong>KULTURVEREIN \u00abHATZIGIORGIS\u00bb THEOLOGOS, THASSOS<\/strong><\/p>\n<h3 class=\"ql-align-center\"><strong>Festrede zum f\u00fcnfzigj\u00e4hrigen Bestehen<\/strong><\/h3>\n<p class=\"ql-align-center\"><em>Theologos, Thassos, 12. August 2026<\/em><\/p>\n<p><\/p>\n<p class=\"ql-align-justify\">Verehrte G\u00e4ste, liebe Mitb\u00fcrgerinnen und Mitb\u00fcrger, Freunde von Theologos,<\/p>\n<p class=\"ql-align-justify\">Es gibt Jubil\u00e4en, die man mit Worten feiert. Und es gibt Jubil\u00e4en, die man mit Erinnerung feiert. Lassen Sie uns heute Abend das Zweite tun.<\/p>\n<p class=\"ql-align-justify\">F\u00fcnfzig Jahre. Ein halbes Jahrhundert. Ein ganzes Dorf hat in dieser Zahl Platz: Geburten und Beerdigungen, Hochzeiten und Abschiede in die Fremde, Winter, die niemals enden wollten, und Augustabende wie der heutige.<\/p>\n<p class=\"ql-align-justify\">Im Jahr 1977 beschlossen einige wenige Menschen in diesem Dorf, einen Verein zu gr\u00fcnden. Sie hatten nichts. Kein B\u00fcro, keine Kasse, keine Gewissheit, dass es Bestand haben w\u00fcrde.<\/p>\n<p class=\"ql-align-justify\">Sie hatten aber etwas, das sich nicht kaufen l\u00e4sst: das Bewusstsein, dass ihr Ort mehr verdient, als blo\u00df zu \u00fcberleben.<\/p>\n<p class=\"ql-align-justify\">Es war eine Zeit, in der sich die D\u00f6rfer Griechenlands leerten. Die Kinder gingen fort \u2014 nach Thessaloniki, nach Athen, nach Deutschland. Ein Haus nach dem anderen wurde geschlossen. Und in diese Stille hinein sagten einige Menschen: Nein. Wir lassen dieses Dorf nicht verk\u00fcmmern.<\/p>\n<p class=\"ql-align-justify\">Sie gr\u00fcndeten keinen Verein, um sich zu vergn\u00fcgen. Sie gr\u00fcndeten einen Verein, damit etwas nicht erlischt.<\/p>\n<p class=\"ql-align-justify\">Nur wenige von ihnen sind heute Abend bei uns. Schenken wir ihnen diesen Augenblick der Stille in uns \u2014 denn was immer wir sagen m\u00f6gen, sie haben es zuerst gesagt, und zwar ohne Mikrofon.<\/p>\n<p class=\"ql-align-justify\">Wie viele Menschen sind in f\u00fcnfzig Jahren durch diesen Verein gegangen? Niemand hat sie je gez\u00e4hlt. Und vielleicht ist das gut so.<\/p>\n<p class=\"ql-align-justify\">Die Frau, die mit eigenen H\u00e4nden eine Tracht n\u00e4hte und nie darum bat, dass ihr Name irgendwo geschrieben st\u00fcnde.<\/p>\n<p class=\"ql-align-justify\">Der Mann, der St\u00fchle auf einen Pritschenwagen lud, sie ablud und sie um Mitternacht wieder auflud, als alle l\u00e4ngst gegangen waren.<\/p>\n<p class=\"ql-align-justify\">Die Tanzlehrerin, die in der K\u00e4lte wartete, ob nicht doch noch die \u00fcbrigen Kinder k\u00e4men.<\/p>\n<p class=\"ql-align-justify\">Der alte Mann, der sich vor ein Tonbandger\u00e4t setzte und erz\u00e4hlte, woran er sich erinnerte, damit es nicht mit ihm verschwinde. Die M\u00fctter, die backten, die V\u00e4ter, die strichen, die Kinder, die trugen, und die Ausgewanderten, die aus der Ferne schickten, was sie konnten, mit einem Zettel dabei: \u00abf\u00fcr das Dorf\u00bb.<\/p>\n<p class=\"ql-align-justify\">Diese Menschen sind fast nie auf einem Foto erschienen. Sie sind nie auf eine B\u00fchne gestiegen. Sie haben nie etwas verlangt.<\/p>\n<p class=\"ql-align-justify\">Und doch: Sie sind der Verein. Nicht die Satzung. Nicht der Stempel. Sie.<\/p>\n<p class=\"ql-align-justify\">Es w\u00e4re unm\u00f6glich, den ganzen Weg dieser f\u00fcnfzig Jahre heute Abend hier unterzubringen. Erinnern wir uns aber an einiges, um uns an alles \u00dcbrige zu erinnern.<\/p>\n<p class=\"ql-align-justify\">Das Volkskundemuseum im Herrenhaus von 1813 \u2014 ein Haus, das h\u00e4tte abgerissen werden k\u00f6nnen und stattdessen zur Erinnerung wurde. Der Spielplatz. Die Ausstattung der Landarztpraxis, die sich manchmal in Menschenleben bemisst. Die Blutspendegruppe, die still begann und 2005 vom Krankenhaus Kavala ausgezeichnet wurde. Die Leihbibliothek. Die Zeitschrift \u00abKoufokastro\u00bb. Die Beschilderung des Dorfes, die S\u00e4uberungsaktionen, die Vortr\u00e4ge von Hochschullehrern \u00fcber die Natur und die Grundwasserleiter unserer Gegend, die Freilegung und Erschlie\u00dfung der Wasserf\u00e4lle, die Wiederherstellung des historischen Pfades: die Trockenmauern, die Holzbr\u00fccke, der Bogen der alten Wasserm\u00fchle am Weg nach Kefalogourna. Das Kulturzentrum von Theologos, die B\u00fcste des Hatzigiorgis und anderes mehr. Und vieles, was nie sichtbar wurde. Es stand in keiner Zeitung. Es wurde nicht beklatscht. Aber es geschah. Und es geh\u00f6rt genauso uns.<\/p>\n<p class=\"ql-align-justify\">Und unsere Tanzgruppe, die einen Faden h\u00e4lt, der im Jahr 1960 beginnt \u2014 beim Damen- und M\u00e4dchenverein, beim ersten Trachtenpreis auf dem Festival der Dora Stratou, bei den ersten Tonaufnahmen thassitischer Lieder mit Simon Karas. F\u00fcnfzig, sechzig Jahre sp\u00e4ter erklingen dieselben Lieder heute Abend aus Kindermund. Das ist kein Brauchtum. Das ist ein Sieg.<\/p>\n<p class=\"ql-align-justify\">Erlauben Sie mir, an einem Abend wie diesem auch etwas zu sagen, was sich an einem Festabend nicht leicht sagen l\u00e4sst.<\/p>\n<p class=\"ql-align-justify\">Wir lieben unsere Feste. Wir lieben sie wirklich. Sie geh\u00f6ren zum Sch\u00f6nsten, was das griechische Dorf besitzt: die Ger\u00fcche, die Tische, die Alten, die aufstehen, um zu tanzen, und pl\u00f6tzlich wieder zwanzig sind. Ohne sie w\u00e4ren wir \u00e4rmer.<\/p>\n<p class=\"ql-align-justify\">Sagen wir es aber einmal klar, heute Abend, da wir alle beisammen sind:<\/p>\n<p class=\"ql-align-justify\"><strong>Das Fest ist nicht die Kultur. Es ist die Feier der Kultur. Es ist der Kranz, nicht die Wurzel.<\/strong><\/p>\n<p class=\"ql-align-justify\">Die Frage ist nicht, wie viele Menschen gekommen sind. Die Frage ist, was am Tag danach geblieben ist.<\/p>\n<p class=\"ql-align-justify\">Kultur ist das, was bleibt, wenn die Lichter ausgehen und die Tische abger\u00e4umt sind.<\/p>\n<p class=\"ql-align-justify\">Sie ist der Pfad, der freigelegt wurde und den Kinder gehen werden, die noch nicht geboren sind.<\/p>\n<p class=\"ql-align-justify\">Sie ist der steinerne Brunnen, den man nicht verfallen lie\u00df.<\/p>\n<p class=\"ql-align-justify\">Sie ist die verlassene Schule, die wieder eine Stimme fand.<\/p>\n<p class=\"ql-align-justify\">Sie ist das regionale Produkt, das einen Namen und einen Wert bekam.<\/p>\n<p class=\"ql-align-justify\">Sie ist die Geschichte des Dorfes, die aufgezeichnet wurde, kurz bevor sie mit den letzten Menschen verschwand, die sich an sie erinnerten.<\/p>\n<p class=\"ql-align-justify\">Und vor allem ist sie ein Kind, das gelernt hat, seinen Ort zu lieben \u2014 nicht weil wir es ihm gesagt haben, sondern weil es ihn erlebt hat.<\/p>\n<p class=\"ql-align-justify\">Vielleicht ist also die Zeit gekommen, noch einmal von vorn zu sagen, was \u00abKulturverein\u00bb eigentlich bedeutet.<\/p>\n<p class=\"ql-align-justify\">Ein echter Kulturverein wartet nicht auf den Zuschuss, um sich zu bewegen. Er gestaltet. Er arbeitet zusammen. Er entwirft Visionen. Und wenn es sein muss, fordert er ein.<\/p>\n<p class=\"ql-align-justify\">Er ist eine Werkstatt f\u00fcr Ideen und f\u00fcr ehrenamtliches Engagement. Er ist eine Stimme f\u00fcr die Umwelt. Er ist eine Schule f\u00fcr die Kinder dort, wo die Schule nicht hinreicht. Er ist das Gewissen seines Ortes.<\/p>\n<p class=\"ql-align-justify\">Denn Kultur ist nicht der Applaus eines Abends. Sie ist das Erbe, das wir hinterlassen.<\/p>\n<p class=\"ql-align-justify\">Wir alle sind gehalten, \u00abhier\u00bb zu sagen \u2014 der eine mit wenig, der andere mit mehr, jeder nach seiner Kraft und seiner Bereitschaft. Niemand schuldet mehr, als er zu geben vermag.<\/p>\n<p class=\"ql-align-justify\">Vielleicht h\u00e4tte tats\u00e4chlich mehr geschehen k\u00f6nnen, wenn mehr Menschen mehr gegeben h\u00e4tten.<\/p>\n<p class=\"ql-align-justify\">Das ist aber keine Frage an die anderen. Es ist eine Frage, die jeder von uns sich still an sich selbst richten muss:<\/p>\n<p class=\"ql-align-justify\"><strong>\u00abWas habe ich getan?\u00bb<\/strong><\/p>\n<p class=\"ql-align-justify\">Und die Antwort schulden wir weder dem Verein noch dem Dorf. Wir schulden sie zuallererst uns selbst.<\/p>\n<p class=\"ql-align-justify\">Meine Lieben,<\/p>\n<p class=\"ql-align-justify\">Vor f\u00fcnfzig Jahren haben einige Menschen in diesem Dorf ein kleines Licht entz\u00fcndet. Sie haben uns nicht gebeten, es zu bewundern. Sie haben es uns \u00fcbergeben, damit wir es brennend halten.<\/p>\n<p class=\"ql-align-justify\">Denen, die von uns gegangen sind: Danke. Das Dorf erinnert sich an euch.<\/p>\n<p class=\"ql-align-justify\">Denen, die noch durchhalten: Kraft f\u00fcr den Weg. Wir wissen, was es kostet.<\/p>\n<p class=\"ql-align-justify\">Und euch, den Kindern, die uns heute Abend zuh\u00f6ren \u2014 euch geh\u00f6ren die n\u00e4chsten f\u00fcnfzig Jahre. Wartet nicht darauf, dass andere sie euch bringen.<\/p>\n<p class=\"ql-align-justify\">Herzlichen Gl\u00fcckwunsch, \u00abHatzigiorgis\u00bb.<\/p>\n<p class=\"ql-align-justify\"><strong>Herzlichen Gl\u00fcckwunsch, Theologos.<\/strong><\/p>\n<p class=\"ql-align-justify\"><strong>Ich danke Ihnen.<\/strong><\/p>\n<p class=\"ql-align-right\"><em>Der Vorsitzende, Giannis Karantelos<\/em><\/p>\n<p><\/p>\n","protected":false},"excerpt":{"rendered":"<p>KULTURVEREIN \u00abHATZIGIORGIS\u00bb THEOLOGOS, THASSOS Festrede zum f\u00fcnfzigj\u00e4hrigen Bestehen Theologos, Thassos, 12. August 2026 Verehrte G\u00e4ste, liebe Mitb\u00fcrgerinnen und Mitb\u00fcrger, Freunde von Theologos, Es gibt Jubil\u00e4en, die man mit Worten feiert. Und es gibt Jubil\u00e4en, die man mit Erinnerung feiert. Lassen Sie uns heute Abend das Zweite tun. F\u00fcnfzig Jahre. Ein halbes Jahrhundert. Ein ganzes Dorf [&hellip;]<\/p>\n","protected":false},"author":6,"featured_media":3484,"comment_status":"open","ping_status":"open","sticky":false,"template":"","format":"standard","meta":{"_acf_changed":false,"footnotes":""},"categories":[14],"tags":[],"class_list":["post-3483","post","type-post","status-publish","format-standard","has-post-thumbnail","hentry","category-ausstellung"],"acf":[],"yoast_head":"<!-- This site is optimized with the Yoast SEO plugin v28.3 - https:\/\/yoast.com\/product\/yoast-seo-wordpress\/ -->\n<title>Festrede zum f\u00fcnfzigj\u00e4hrigen Bestehen - theologos-culturalclub.com<\/title>\n<meta name=\"description\" content=\"Festrede zum f\u00fcnfzigj\u00e4hrigen Bestehen - Kulturverein Theologos \u2013 \u0398\u03b5\u03bf\u03bb\u03cc\u03b3\u03bf\u03c2, \u0398\u03ac\u03c3\u03bf\u03c2\" \/>\n<meta name=\"robots\" content=\"index, follow, max-snippet:-1, max-image-preview:large, max-video-preview:-1\" \/>\n<link rel=\"canonical\" href=\"https:\/\/theologos-culturalclub.com\/de\/festrede-zum-fuenfzigjaehrigen-bestehen\/\" \/>\n<meta property=\"og:locale\" content=\"de_DE\" \/>\n<meta property=\"og:type\" content=\"article\" \/>\n<meta property=\"og:title\" content=\"Festrede zum f\u00fcnfzigj\u00e4hrigen Bestehen - theologos-culturalclub.com\" \/>\n<meta property=\"og:description\" content=\"Festrede zum f\u00fcnfzigj\u00e4hrigen Bestehen - Kulturverein Theologos \u2013 \u0398\u03b5\u03bf\u03bb\u03cc\u03b3\u03bf\u03c2, \u0398\u03ac\u03c3\u03bf\u03c2\" \/>\n<meta property=\"og:url\" content=\"https:\/\/theologos-culturalclub.com\/de\/festrede-zum-fuenfzigjaehrigen-bestehen\/\" \/>\n<meta property=\"og:site_name\" content=\"theologos-culturalclub.com\" \/>\n<meta property=\"article:published_time\" content=\"2026-08-14T09:26:05+00:00\" \/>\n<meta property=\"article:modified_time\" content=\"2026-08-18T10:38:51+00:00\" \/>\n<meta property=\"og:image\" content=\"https:\/\/theologos-culturalclub.com\/wp-content\/uploads\/fmt_redaktion\/beitrag\/2026\/DJI_0846-scaled.jpg\" \/>\n\t<meta property=\"og:image:width\" content=\"2560\" \/>\n\t<meta property=\"og:image:height\" content=\"1705\" \/>\n\t<meta property=\"og:image:type\" content=\"image\/jpeg\" \/>\n<meta name=\"author\" content=\"Klaus Tuttlies\" \/>\n<meta name=\"twitter:label1\" content=\"Verfasst von\" \/>\n\t<meta name=\"twitter:data1\" content=\"Klaus Tuttlies\" \/>\n\t<meta name=\"twitter:label2\" content=\"Gesch\u00e4tzte Lesezeit\" \/>\n\t<meta name=\"twitter:data2\" content=\"6\u00a0Minuten\" \/>\n<script type=\"application\/ld+json\" class=\"yoast-schema-graph\">{\"@context\":\"https:\\\/\\\/schema.org\",\"@graph\":[{\"@type\":\"Article\",\"@id\":\"https:\\\/\\\/theologos-culturalclub.com\\\/de\\\/festrede-zum-fuenfzigjaehrigen-bestehen\\\/#article\",\"isPartOf\":{\"@id\":\"https:\\\/\\\/theologos-culturalclub.com\\\/de\\\/festrede-zum-fuenfzigjaehrigen-bestehen\\\/\"},\"author\":{\"name\":\"Klaus Tuttlies\",\"@id\":\"https:\\\/\\\/theologos-culturalclub.com\\\/de\\\/#\\\/schema\\\/person\\\/326b359b81e1b86119856f6664794610\"},\"headline\":\"Festrede zum f\u00fcnfzigj\u00e4hrigen Bestehen\",\"datePublished\":\"2026-08-14T09:26:05+00:00\",\"dateModified\":\"2026-08-18T10:38:51+00:00\",\"mainEntityOfPage\":{\"@id\":\"https:\\\/\\\/theologos-culturalclub.com\\\/de\\\/festrede-zum-fuenfzigjaehrigen-bestehen\\\/\"},\"wordCount\":1154,\"commentCount\":0,\"publisher\":{\"@id\":\"https:\\\/\\\/theologos-culturalclub.com\\\/de\\\/#organization\"},\"image\":{\"@id\":\"https:\\\/\\\/theologos-culturalclub.com\\\/de\\\/festrede-zum-fuenfzigjaehrigen-bestehen\\\/#primaryimage\"},\"thumbnailUrl\":\"https:\\\/\\\/theologos-culturalclub.com\\\/wp-content\\\/uploads\\\/fmt_redaktion\\\/beitrag\\\/2026\\\/DJI_0846-scaled.jpg\",\"articleSection\":[\"Ausstellung\"],\"inLanguage\":\"de\",\"potentialAction\":[{\"@type\":\"CommentAction\",\"name\":\"Comment\",\"target\":[\"https:\\\/\\\/theologos-culturalclub.com\\\/de\\\/festrede-zum-fuenfzigjaehrigen-bestehen\\\/#respond\"]}]},{\"@type\":\"WebPage\",\"@id\":\"https:\\\/\\\/theologos-culturalclub.com\\\/de\\\/festrede-zum-fuenfzigjaehrigen-bestehen\\\/\",\"url\":\"https:\\\/\\\/theologos-culturalclub.com\\\/de\\\/festrede-zum-fuenfzigjaehrigen-bestehen\\\/\",\"name\":\"Festrede zum f\u00fcnfzigj\u00e4hrigen Bestehen - theologos-culturalclub.com\",\"isPartOf\":{\"@id\":\"https:\\\/\\\/theologos-culturalclub.com\\\/de\\\/#website\"},\"primaryImageOfPage\":{\"@id\":\"https:\\\/\\\/theologos-culturalclub.com\\\/de\\\/festrede-zum-fuenfzigjaehrigen-bestehen\\\/#primaryimage\"},\"image\":{\"@id\":\"https:\\\/\\\/theologos-culturalclub.com\\\/de\\\/festrede-zum-fuenfzigjaehrigen-bestehen\\\/#primaryimage\"},\"thumbnailUrl\":\"https:\\\/\\\/theologos-culturalclub.com\\\/wp-content\\\/uploads\\\/fmt_redaktion\\\/beitrag\\\/2026\\\/DJI_0846-scaled.jpg\",\"datePublished\":\"2026-08-14T09:26:05+00:00\",\"dateModified\":\"2026-08-18T10:38:51+00:00\",\"description\":\"Festrede zum f\u00fcnfzigj\u00e4hrigen Bestehen - Kulturverein Theologos \u2013 \u0398\u03b5\u03bf\u03bb\u03cc\u03b3\u03bf\u03c2, \u0398\u03ac\u03c3\u03bf\u03c2\",\"breadcrumb\":{\"@id\":\"https:\\\/\\\/theologos-culturalclub.com\\\/de\\\/festrede-zum-fuenfzigjaehrigen-bestehen\\\/#breadcrumb\"},\"inLanguage\":\"de\",\"potentialAction\":[{\"@type\":\"ReadAction\",\"target\":[\"https:\\\/\\\/theologos-culturalclub.com\\\/de\\\/festrede-zum-fuenfzigjaehrigen-bestehen\\\/\"]}]},{\"@type\":\"ImageObject\",\"inLanguage\":\"de\",\"@id\":\"https:\\\/\\\/theologos-culturalclub.com\\\/de\\\/festrede-zum-fuenfzigjaehrigen-bestehen\\\/#primaryimage\",\"url\":\"https:\\\/\\\/theologos-culturalclub.com\\\/wp-content\\\/uploads\\\/fmt_redaktion\\\/beitrag\\\/2026\\\/DJI_0846-scaled.jpg\",\"contentUrl\":\"https:\\\/\\\/theologos-culturalclub.com\\\/wp-content\\\/uploads\\\/fmt_redaktion\\\/beitrag\\\/2026\\\/DJI_0846-scaled.jpg\",\"width\":2560,\"height\":1705},{\"@type\":\"BreadcrumbList\",\"@id\":\"https:\\\/\\\/theologos-culturalclub.com\\\/de\\\/festrede-zum-fuenfzigjaehrigen-bestehen\\\/#breadcrumb\",\"itemListElement\":[{\"@type\":\"ListItem\",\"position\":1,\"name\":\"Start\",\"item\":\"https:\\\/\\\/theologos-culturalclub.com\\\/de\\\/\"},{\"@type\":\"ListItem\",\"position\":2,\"name\":\"Festrede zum f\u00fcnfzigj\u00e4hrigen Bestehen\"}]},{\"@type\":\"WebSite\",\"@id\":\"https:\\\/\\\/theologos-culturalclub.com\\\/de\\\/#website\",\"url\":\"https:\\\/\\\/theologos-culturalclub.com\\\/de\\\/\",\"name\":\"\u03a0\u03bf\u03bb\u03b9\u03c4\u03b9\u03c3\u03c4\u03b9\u03ba\u03cc\u03c2 \u03a3\u03cd\u03bb\u03bb\u03bf\u03b3\u03bf\u03c2 \u00ab\u0398\u03b5\u03cc\u03bb\u03bf\u03b3\u03bf\u03c2\u00bb\",\"description\":\"\u0391\u03c5\u03c4\u03ae \u03b5\u03af\u03bd\u03b1\u03b9 \u03b7 \u03b9\u03c3\u03c4\u03bf\u03c3\u03b5\u03bb\u03af\u03b4\u03b1 \u03c4\u03bf\u03c5 \u03a0\u03bf\u03bb\u03b9\u03c4\u03b9\u03c3\u03c4\u03b9\u03ba\u03bf\u03cd \u03a3\u03c5\u03bb\u03bb\u03cc\u03b3\u03bf\u03c5 \u00ab\u0398\u03b5\u03bf\u03bb\u03cc\u03b3\u03bf\u03c2\u00bb.\",\"publisher\":{\"@id\":\"https:\\\/\\\/theologos-culturalclub.com\\\/de\\\/#organization\"},\"alternateName\":\"\u0391\u03c5\u03c4\u03ae \u03b5\u03af\u03bd\u03b1\u03b9 \u03b7 \u03b9\u03c3\u03c4\u03bf\u03c3\u03b5\u03bb\u03af\u03b4\u03b1 \u03c4\u03bf\u03c5 \u03a0\u03bf\u03bb\u03b9\u03c4\u03b9\u03c3\u03c4\u03b9\u03ba\u03bf\u03cd \u03a3\u03c5\u03bb\u03bb\u03cc\u03b3\u03bf\u03c5 \u00ab\u0398\u03b5\u03bf\u03bb\u03cc\u03b3\u03bf\u03c2\u00bb.\",\"potentialAction\":[{\"@type\":\"SearchAction\",\"target\":{\"@type\":\"EntryPoint\",\"urlTemplate\":\"https:\\\/\\\/theologos-culturalclub.com\\\/de\\\/?s={search_term_string}\"},\"query-input\":{\"@type\":\"PropertyValueSpecification\",\"valueRequired\":true,\"valueName\":\"search_term_string\"}}],\"inLanguage\":\"de\"},{\"@type\":\"Organization\",\"@id\":\"https:\\\/\\\/theologos-culturalclub.com\\\/de\\\/#organization\",\"name\":\"\u03a0\u03bf\u03bb\u03b9\u03c4\u03b9\u03c3\u03c4\u03b9\u03ba\u03cc\u03c2 \u03a3\u03cd\u03bb\u03bb\u03bf\u03b3\u03bf\u03c2 \u00ab\u0398\u03b5\u03cc\u03bb\u03bf\u03b3\u03bf\u03c2\u00bb\",\"alternateName\":\"\u03a0\u03bf\u03bb\u03b9\u03c4\u03b9\u03c3\u03c4\u03b9\u03ba\u03cc\u03c2 \u03a3\u03cd\u03bb\u03bb\u03bf\u03b3\u03bf\u03c2 \u00ab\u0398\u03b5\u03cc\u03bb\u03bf\u03b3\u03bf\u03c2\u00bb\",\"url\":\"https:\\\/\\\/theologos-culturalclub.com\\\/de\\\/\",\"logo\":{\"@type\":\"ImageObject\",\"inLanguage\":\"de\",\"@id\":\"https:\\\/\\\/theologos-culturalclub.com\\\/de\\\/#\\\/schema\\\/logo\\\/image\\\/\",\"url\":\"https:\\\/\\\/theologos-culturalclub.com\\\/wp-content\\\/uploads\\\/fmt-logo_696_2.png\",\"contentUrl\":\"https:\\\/\\\/theologos-culturalclub.com\\\/wp-content\\\/uploads\\\/fmt-logo_696_2.png\",\"width\":696,\"height\":696,\"caption\":\"\u03a0\u03bf\u03bb\u03b9\u03c4\u03b9\u03c3\u03c4\u03b9\u03ba\u03cc\u03c2 \u03a3\u03cd\u03bb\u03bb\u03bf\u03b3\u03bf\u03c2 \u00ab\u0398\u03b5\u03cc\u03bb\u03bf\u03b3\u03bf\u03c2\u00bb\"},\"image\":{\"@id\":\"https:\\\/\\\/theologos-culturalclub.com\\\/de\\\/#\\\/schema\\\/logo\\\/image\\\/\"}},{\"@type\":\"Person\",\"@id\":\"https:\\\/\\\/theologos-culturalclub.com\\\/de\\\/#\\\/schema\\\/person\\\/326b359b81e1b86119856f6664794610\",\"name\":\"Klaus Tuttlies\",\"image\":{\"@type\":\"ImageObject\",\"inLanguage\":\"de\",\"@id\":\"https:\\\/\\\/secure.gravatar.com\\\/avatar\\\/7c58e31a6aa412e5e3b5ec894a2065a10d849ec9f06d2d984c26ec409633a2e9?s=96&d=mm&r=g\",\"url\":\"https:\\\/\\\/secure.gravatar.com\\\/avatar\\\/7c58e31a6aa412e5e3b5ec894a2065a10d849ec9f06d2d984c26ec409633a2e9?s=96&d=mm&r=g\",\"contentUrl\":\"https:\\\/\\\/secure.gravatar.com\\\/avatar\\\/7c58e31a6aa412e5e3b5ec894a2065a10d849ec9f06d2d984c26ec409633a2e9?s=96&d=mm&r=g\",\"caption\":\"Klaus Tuttlies\"}}]}<\/script>\n<!-- \/ Yoast SEO plugin. -->","yoast_head_json":{"title":"Festrede zum f\u00fcnfzigj\u00e4hrigen Bestehen - theologos-culturalclub.com","description":"Festrede zum f\u00fcnfzigj\u00e4hrigen Bestehen - Kulturverein Theologos \u2013 \u0398\u03b5\u03bf\u03bb\u03cc\u03b3\u03bf\u03c2, \u0398\u03ac\u03c3\u03bf\u03c2","robots":{"index":"index","follow":"follow","max-snippet":"max-snippet:-1","max-image-preview":"max-image-preview:large","max-video-preview":"max-video-preview:-1"},"canonical":"https:\/\/theologos-culturalclub.com\/de\/festrede-zum-fuenfzigjaehrigen-bestehen\/","og_locale":"de_DE","og_type":"article","og_title":"Festrede zum f\u00fcnfzigj\u00e4hrigen Bestehen - theologos-culturalclub.com","og_description":"Festrede zum f\u00fcnfzigj\u00e4hrigen Bestehen - Kulturverein Theologos \u2013 \u0398\u03b5\u03bf\u03bb\u03cc\u03b3\u03bf\u03c2, \u0398\u03ac\u03c3\u03bf\u03c2","og_url":"https:\/\/theologos-culturalclub.com\/de\/festrede-zum-fuenfzigjaehrigen-bestehen\/","og_site_name":"theologos-culturalclub.com","article_published_time":"2026-08-14T09:26:05+00:00","article_modified_time":"2026-08-18T10:38:51+00:00","og_image":[{"width":2560,"height":1705,"url":"https:\/\/theologos-culturalclub.com\/wp-content\/uploads\/fmt_redaktion\/beitrag\/2026\/DJI_0846-scaled.jpg","type":"image\/jpeg"}],"author":"Klaus Tuttlies","twitter_misc":{"Verfasst von":"Klaus Tuttlies","Gesch\u00e4tzte Lesezeit":"6\u00a0Minuten"},"schema":{"@context":"https:\/\/schema.org","@graph":[{"@type":"Article","@id":"https:\/\/theologos-culturalclub.com\/de\/festrede-zum-fuenfzigjaehrigen-bestehen\/#article","isPartOf":{"@id":"https:\/\/theologos-culturalclub.com\/de\/festrede-zum-fuenfzigjaehrigen-bestehen\/"},"author":{"name":"Klaus Tuttlies","@id":"https:\/\/theologos-culturalclub.com\/de\/#\/schema\/person\/326b359b81e1b86119856f6664794610"},"headline":"Festrede zum f\u00fcnfzigj\u00e4hrigen Bestehen","datePublished":"2026-08-14T09:26:05+00:00","dateModified":"2026-08-18T10:38:51+00:00","mainEntityOfPage":{"@id":"https:\/\/theologos-culturalclub.com\/de\/festrede-zum-fuenfzigjaehrigen-bestehen\/"},"wordCount":1154,"commentCount":0,"publisher":{"@id":"https:\/\/theologos-culturalclub.com\/de\/#organization"},"image":{"@id":"https:\/\/theologos-culturalclub.com\/de\/festrede-zum-fuenfzigjaehrigen-bestehen\/#primaryimage"},"thumbnailUrl":"https:\/\/theologos-culturalclub.com\/wp-content\/uploads\/fmt_redaktion\/beitrag\/2026\/DJI_0846-scaled.jpg","articleSection":["Ausstellung"],"inLanguage":"de","potentialAction":[{"@type":"CommentAction","name":"Comment","target":["https:\/\/theologos-culturalclub.com\/de\/festrede-zum-fuenfzigjaehrigen-bestehen\/#respond"]}]},{"@type":"WebPage","@id":"https:\/\/theologos-culturalclub.com\/de\/festrede-zum-fuenfzigjaehrigen-bestehen\/","url":"https:\/\/theologos-culturalclub.com\/de\/festrede-zum-fuenfzigjaehrigen-bestehen\/","name":"Festrede zum f\u00fcnfzigj\u00e4hrigen Bestehen - theologos-culturalclub.com","isPartOf":{"@id":"https:\/\/theologos-culturalclub.com\/de\/#website"},"primaryImageOfPage":{"@id":"https:\/\/theologos-culturalclub.com\/de\/festrede-zum-fuenfzigjaehrigen-bestehen\/#primaryimage"},"image":{"@id":"https:\/\/theologos-culturalclub.com\/de\/festrede-zum-fuenfzigjaehrigen-bestehen\/#primaryimage"},"thumbnailUrl":"https:\/\/theologos-culturalclub.com\/wp-content\/uploads\/fmt_redaktion\/beitrag\/2026\/DJI_0846-scaled.jpg","datePublished":"2026-08-14T09:26:05+00:00","dateModified":"2026-08-18T10:38:51+00:00","description":"Festrede zum f\u00fcnfzigj\u00e4hrigen Bestehen - Kulturverein Theologos \u2013 \u0398\u03b5\u03bf\u03bb\u03cc\u03b3\u03bf\u03c2, \u0398\u03ac\u03c3\u03bf\u03c2","breadcrumb":{"@id":"https:\/\/theologos-culturalclub.com\/de\/festrede-zum-fuenfzigjaehrigen-bestehen\/#breadcrumb"},"inLanguage":"de","potentialAction":[{"@type":"ReadAction","target":["https:\/\/theologos-culturalclub.com\/de\/festrede-zum-fuenfzigjaehrigen-bestehen\/"]}]},{"@type":"ImageObject","inLanguage":"de","@id":"https:\/\/theologos-culturalclub.com\/de\/festrede-zum-fuenfzigjaehrigen-bestehen\/#primaryimage","url":"https:\/\/theologos-culturalclub.com\/wp-content\/uploads\/fmt_redaktion\/beitrag\/2026\/DJI_0846-scaled.jpg","contentUrl":"https:\/\/theologos-culturalclub.com\/wp-content\/uploads\/fmt_redaktion\/beitrag\/2026\/DJI_0846-scaled.jpg","width":2560,"height":1705},{"@type":"BreadcrumbList","@id":"https:\/\/theologos-culturalclub.com\/de\/festrede-zum-fuenfzigjaehrigen-bestehen\/#breadcrumb","itemListElement":[{"@type":"ListItem","position":1,"name":"Start","item":"https:\/\/theologos-culturalclub.com\/de\/"},{"@type":"ListItem","position":2,"name":"Festrede zum f\u00fcnfzigj\u00e4hrigen Bestehen"}]},{"@type":"WebSite","@id":"https:\/\/theologos-culturalclub.com\/de\/#website","url":"https:\/\/theologos-culturalclub.com\/de\/","name":"\u03a0\u03bf\u03bb\u03b9\u03c4\u03b9\u03c3\u03c4\u03b9\u03ba\u03cc\u03c2 \u03a3\u03cd\u03bb\u03bb\u03bf\u03b3\u03bf\u03c2 \u00ab\u0398\u03b5\u03cc\u03bb\u03bf\u03b3\u03bf\u03c2\u00bb","description":"\u0391\u03c5\u03c4\u03ae \u03b5\u03af\u03bd\u03b1\u03b9 \u03b7 \u03b9\u03c3\u03c4\u03bf\u03c3\u03b5\u03bb\u03af\u03b4\u03b1 \u03c4\u03bf\u03c5 \u03a0\u03bf\u03bb\u03b9\u03c4\u03b9\u03c3\u03c4\u03b9\u03ba\u03bf\u03cd \u03a3\u03c5\u03bb\u03bb\u03cc\u03b3\u03bf\u03c5 \u00ab\u0398\u03b5\u03bf\u03bb\u03cc\u03b3\u03bf\u03c2\u00bb.","publisher":{"@id":"https:\/\/theologos-culturalclub.com\/de\/#organization"},"alternateName":"\u0391\u03c5\u03c4\u03ae \u03b5\u03af\u03bd\u03b1\u03b9 \u03b7 \u03b9\u03c3\u03c4\u03bf\u03c3\u03b5\u03bb\u03af\u03b4\u03b1 \u03c4\u03bf\u03c5 \u03a0\u03bf\u03bb\u03b9\u03c4\u03b9\u03c3\u03c4\u03b9\u03ba\u03bf\u03cd \u03a3\u03c5\u03bb\u03bb\u03cc\u03b3\u03bf\u03c5 \u00ab\u0398\u03b5\u03bf\u03bb\u03cc\u03b3\u03bf\u03c2\u00bb.","potentialAction":[{"@type":"SearchAction","target":{"@type":"EntryPoint","urlTemplate":"https:\/\/theologos-culturalclub.com\/de\/?s={search_term_string}"},"query-input":{"@type":"PropertyValueSpecification","valueRequired":true,"valueName":"search_term_string"}}],"inLanguage":"de"},{"@type":"Organization","@id":"https:\/\/theologos-culturalclub.com\/de\/#organization","name":"\u03a0\u03bf\u03bb\u03b9\u03c4\u03b9\u03c3\u03c4\u03b9\u03ba\u03cc\u03c2 \u03a3\u03cd\u03bb\u03bb\u03bf\u03b3\u03bf\u03c2 \u00ab\u0398\u03b5\u03cc\u03bb\u03bf\u03b3\u03bf\u03c2\u00bb","alternateName":"\u03a0\u03bf\u03bb\u03b9\u03c4\u03b9\u03c3\u03c4\u03b9\u03ba\u03cc\u03c2 \u03a3\u03cd\u03bb\u03bb\u03bf\u03b3\u03bf\u03c2 \u00ab\u0398\u03b5\u03cc\u03bb\u03bf\u03b3\u03bf\u03c2\u00bb","url":"https:\/\/theologos-culturalclub.com\/de\/","logo":{"@type":"ImageObject","inLanguage":"de","@id":"https:\/\/theologos-culturalclub.com\/de\/#\/schema\/logo\/image\/","url":"https:\/\/theologos-culturalclub.com\/wp-content\/uploads\/fmt-logo_696_2.png","contentUrl":"https:\/\/theologos-culturalclub.com\/wp-content\/uploads\/fmt-logo_696_2.png","width":696,"height":696,"caption":"\u03a0\u03bf\u03bb\u03b9\u03c4\u03b9\u03c3\u03c4\u03b9\u03ba\u03cc\u03c2 \u03a3\u03cd\u03bb\u03bb\u03bf\u03b3\u03bf\u03c2 \u00ab\u0398\u03b5\u03cc\u03bb\u03bf\u03b3\u03bf\u03c2\u00bb"},"image":{"@id":"https:\/\/theologos-culturalclub.com\/de\/#\/schema\/logo\/image\/"}},{"@type":"Person","@id":"https:\/\/theologos-culturalclub.com\/de\/#\/schema\/person\/326b359b81e1b86119856f6664794610","name":"Klaus Tuttlies","image":{"@type":"ImageObject","inLanguage":"de","@id":"https:\/\/secure.gravatar.com\/avatar\/7c58e31a6aa412e5e3b5ec894a2065a10d849ec9f06d2d984c26ec409633a2e9?s=96&d=mm&r=g","url":"https:\/\/secure.gravatar.com\/avatar\/7c58e31a6aa412e5e3b5ec894a2065a10d849ec9f06d2d984c26ec409633a2e9?s=96&d=mm&r=g","contentUrl":"https:\/\/secure.gravatar.com\/avatar\/7c58e31a6aa412e5e3b5ec894a2065a10d849ec9f06d2d984c26ec409633a2e9?s=96&d=mm&r=g","caption":"Klaus Tuttlies"}}]}},"_links":{"self":[{"href":"https:\/\/theologos-culturalclub.com\/de\/wp-json\/wp\/v2\/posts\/3483","targetHints":{"allow":["GET"]}}],"collection":[{"href":"https:\/\/theologos-culturalclub.com\/de\/wp-json\/wp\/v2\/posts"}],"about":[{"href":"https:\/\/theologos-culturalclub.com\/de\/wp-json\/wp\/v2\/types\/post"}],"author":[{"embeddable":true,"href":"https:\/\/theologos-culturalclub.com\/de\/wp-json\/wp\/v2\/users\/6"}],"replies":[{"embeddable":true,"href":"https:\/\/theologos-culturalclub.com\/de\/wp-json\/wp\/v2\/comments?post=3483"}],"version-history":[{"count":1,"href":"https:\/\/theologos-culturalclub.com\/de\/wp-json\/wp\/v2\/posts\/3483\/revisions"}],"predecessor-version":[{"id":3485,"href":"https:\/\/theologos-culturalclub.com\/de\/wp-json\/wp\/v2\/posts\/3483\/revisions\/3485"}],"wp:featuredmedia":[{"embeddable":true,"href":"https:\/\/theologos-culturalclub.com\/de\/wp-json\/wp\/v2\/media\/3484"}],"wp:attachment":[{"href":"https:\/\/theologos-culturalclub.com\/de\/wp-json\/wp\/v2\/media?parent=3483"}],"wp:term":[{"taxonomy":"category","embeddable":true,"href":"https:\/\/theologos-culturalclub.com\/de\/wp-json\/wp\/v2\/categories?post=3483"},{"taxonomy":"post_tag","embeddable":true,"href":"https:\/\/theologos-culturalclub.com\/de\/wp-json\/wp\/v2\/tags?post=3483"}],"curies":[{"name":"wp","href":"https:\/\/api.w.org\/{rel}","templated":true}]}}