{"id":3356,"date":"2026-08-13T09:53:35","date_gmt":"2026-08-13T06:53:35","guid":{"rendered":"https:\/\/theologos-culturalclub.com\/?p=3356"},"modified":"2026-08-16T09:51:09","modified_gmt":"2026-08-16T06:51:09","slug":"50-jahre-thassitische-hochzeit-2026","status":"publish","type":"post","link":"https:\/\/theologos-culturalclub.com\/de\/50-jahre-thassitische-hochzeit-2026\/","title":{"rendered":"50 Jahre Thassitische Hochzeit &#8211; 2026"},"content":{"rendered":"<p>Theologos, Thassos, 13. August 2026<\/p>\n<p><strong>Pressemitteilung<\/strong><\/p>\n<\/p>\n<h3><strong>F\u00fcnfzig Jahre Verein \u00abHatzigiorgis\u00bb, f\u00fcnfzig Jahre Thassitische Hochzeit<\/strong><\/h3>\n<p><em>\u00dcber tausend Besucher bei der \u00fcberaus gelungenen Jubil\u00e4umsauff\u00fchrung des Brauchs in Theologos \u2014 Goldmedaille des Thasischen Herakles f\u00fcr den Verein von der Gemeinde Thassos und ein offenes Gespr\u00e4ch dar\u00fcber, was ein qualit\u00e4tsvoller Tourismus auf der Insel wirklich braucht<\/em><\/p>\n<p><\/p>\n<p class=\"ql-align-justify\">Mit \u00fcber tausend Besuchern, nach Sch\u00e4tzung der Veranstalter, hat der Bildungs- und Kulturverein \u00abHatzigiorgis\u00bb am Mittwoch, dem 12. August, in Theologos die Thassitische Hochzeit wieder aufleben lassen. Die Kopfsteinpflastergassen des Dorfes f\u00fcllten sich schon am fr\u00fchen Abend, und f\u00fcr einige Stunden funktionierte der Ort so, wie er vor einem Jahrhundert funktioniert hat.<\/p>\n<p class=\"ql-align-justify\">Die Auff\u00fchrung richtet sich an Einheimische wie an G\u00e4ste, sie ist aber nicht nur Schauspiel \u2014 sie ist \u00dcberlieferung: die Stationen der traditionellen Hochzeit, die Trachten, die Lieder und die T\u00e4nze, die einst das ganze Dorf auswendig kannte und die heute nur noch wenige bewahren. Die Tanzgruppe des Vereins h\u00e4lt einen Faden, der beim Damen- und M\u00e4dchenverein der 1960er Jahre beginnt und bei den ersten Tonaufnahmen thassitischer Lieder. Sechzig Jahre sp\u00e4ter erklangen dieselben Lieder erneut \u2014 aus Kindermund.<\/p>\n<p class=\"ql-align-justify\">Dem Jubil\u00e4um verlieh eine Ehrung ihr Siegel. Der B\u00fcrgermeister von Thassos, Herr Kyriakidis, \u00fcberreichte dem Verein die Goldmedaille des Thasischen Herakles und w\u00fcrdigte damit dessen wegweisende Rolle im gesellschaftlichen und kulturellen Leben der Insel.<\/p>\n<p class=\"ql-align-justify\">Der Abend blieb jedoch nicht in der Vergangenheit. In seiner Rede sprach der Vorsitzende des Vereins, Herr Karantelos, etwas aus, das man auf einem Fest selten h\u00f6rt: eine Kritik daran, was aus der Kultur auf unseren Inseln geworden ist.<\/p>\n<p class=\"ql-align-justify\"><em>\u00abDas Fest ist nicht die Kultur. Es ist die Feier der Kultur. Es ist der Kranz, nicht die Wurzel. Die Frage ist nicht, wie viele Menschen gekommen sind \u2014 sondern was am Tag danach geblieben ist.\u00bb<\/em><\/p>\n<p class=\"ql-align-justify\">Dieser Punkt betrifft Thassos unmittelbar. Ein Reiseziel unterscheidet sich nicht durch Sonne, Str\u00e4nde und Feste; die haben alle. Es unterscheidet sich durch Tiefe \u2014 dadurch, inwieweit die Geschichte des Ortes tats\u00e4chlich mit dem verbunden ist, was dem Gast als touristische Leistung angeboten wird. Ein instand gesetzter Wanderweg, ein Museum, das ge\u00f6ffnet hat, ein Brauch, der aufgezeichnet wurde, bevor er verschwand, ein regionales Produkt mit Namen und Geschichte: Das bleibt, wenn die Lichter ausgehen und die Tische abger\u00e4umt sind.<\/p>\n<p class=\"ql-align-justify\">Der Verein hat sich in diesen Jahrzehnten nicht auf Veranstaltungen beschr\u00e4nkt. Er betreibt das Volkskundemuseum im Herrenhaus \u00abHatzigiorgis\u00bb von 1813, eine Leihbibliothek, das Kulturzentrum und vieles mehr. All diese Arbeiten halten die Geschichte und das Ged\u00e4chtnis des Ortes lebendig und zeigen, wie sich die Gesellschaft der Insel entwickelt hat.<\/p>\n<p class=\"ql-align-justify\">Wenn der gestrige Abend \u00fcber die Bilder hinaus etwas hinterlassen hat, dann vielleicht dies: dass ein Kulturverein nicht auf den Zuschuss wartet, um sich zu bewegen. Er gestaltet, er arbeitet zusammen, er entwirft Visionen \u2014 und wenn es sein muss, fordert er ein.<\/p>\n<p class=\"ql-align-justify\">Der Verein dankt den Sponsoren, den Tanzgruppen der beteiligten Vereine, den anwesenden Vereinen und allen offiziellen G\u00e4sten. Und vor allem den Dutzenden Freiwilligen, die getragen, gebacken und aufger\u00e4umt haben.<\/p>\n<p><\/p>\n","protected":false},"excerpt":{"rendered":"<p>Theologos, Thassos, 13. August 2026 Pressemitteilung F\u00fcnfzig Jahre Verein \u00abHatzigiorgis\u00bb, f\u00fcnfzig Jahre Thassitische Hochzeit \u00dcber tausend Besucher bei der \u00fcberaus gelungenen Jubil\u00e4umsauff\u00fchrung des Brauchs in Theologos \u2014 Goldmedaille des Thasischen Herakles f\u00fcr den Verein von der Gemeinde Thassos und ein offenes Gespr\u00e4ch dar\u00fcber, was ein qualit\u00e4tsvoller Tourismus auf der Insel wirklich braucht Mit \u00fcber tausend [&hellip;]<\/p>\n","protected":false},"author":6,"featured_media":3386,"comment_status":"open","ping_status":"open","sticky":false,"template":"","format":"standard","meta":{"_acf_changed":false,"footnotes":""},"categories":[15],"tags":[],"class_list":["post-3356","post","type-post","status-publish","format-standard","has-post-thumbnail","hentry","category-veranstaltung"],"acf":[],"yoast_head":"<!-- This site is optimized with the Yoast SEO plugin v28.3 - https:\/\/yoast.com\/product\/yoast-seo-wordpress\/ -->\n<title>50 Jahre Thassitische Hochzeit - 2026 - theologos-culturalclub.com<\/title>\n<meta name=\"description\" content=\"50 Jahre Thassitische Hochzeit - 2026 - Kulturverein Theologos \u2013 \u0398\u03b5\u03bf\u03bb\u03cc\u03b3\u03bf\u03c2, \u0398\u03ac\u03c3\u03bf\u03c2\" \/>\n<meta name=\"robots\" content=\"index, follow, max-snippet:-1, max-image-preview:large, max-video-preview:-1\" \/>\n<link rel=\"canonical\" href=\"https:\/\/theologos-culturalclub.com\/de\/50-jahre-thassitische-hochzeit-2026\/\" \/>\n<meta property=\"og:locale\" content=\"de_DE\" \/>\n<meta property=\"og:type\" content=\"article\" \/>\n<meta property=\"og:title\" content=\"50 Jahre Thassitische Hochzeit - 2026 - theologos-culturalclub.com\" \/>\n<meta property=\"og:description\" content=\"50 Jahre Thassitische Hochzeit - 2026 - Kulturverein Theologos \u2013 \u0398\u03b5\u03bf\u03bb\u03cc\u03b3\u03bf\u03c2, \u0398\u03ac\u03c3\u03bf\u03c2\" \/>\n<meta property=\"og:url\" content=\"https:\/\/theologos-culturalclub.com\/de\/50-jahre-thassitische-hochzeit-2026\/\" \/>\n<meta property=\"og:site_name\" content=\"theologos-culturalclub.com\" \/>\n<meta property=\"article:published_time\" content=\"2026-08-13T06:53:35+00:00\" \/>\n<meta property=\"article:modified_time\" content=\"2026-08-16T06:51:09+00:00\" \/>\n<meta property=\"og:image\" content=\"https:\/\/theologos-culturalclub.com\/wp-content\/uploads\/fmt_redaktion\/beitrag\/2026\/peninta-chronia-Thasitikos-Gamos-12_08_2026-DSCF4414-017.jpg\" \/>\n\t<meta property=\"og:image:width\" content=\"1280\" \/>\n\t<meta property=\"og:image:height\" content=\"853\" \/>\n\t<meta property=\"og:image:type\" content=\"image\/jpeg\" \/>\n<meta name=\"author\" content=\"Klaus Tuttlies\" \/>\n<meta name=\"twitter:label1\" content=\"Verfasst von\" \/>\n\t<meta name=\"twitter:data1\" content=\"Klaus Tuttlies\" \/>\n\t<meta name=\"twitter:label2\" content=\"Gesch\u00e4tzte Lesezeit\" \/>\n\t<meta name=\"twitter:data2\" content=\"3\u00a0Minuten\" \/>\n<script type=\"application\/ld+json\" class=\"yoast-schema-graph\">{\"@context\":\"https:\\\/\\\/schema.org\",\"@graph\":[{\"@type\":\"Article\",\"@id\":\"https:\\\/\\\/theologos-culturalclub.com\\\/de\\\/50-jahre-thassitische-hochzeit-2026\\\/#article\",\"isPartOf\":{\"@id\":\"https:\\\/\\\/theologos-culturalclub.com\\\/de\\\/50-jahre-thassitische-hochzeit-2026\\\/\"},\"author\":{\"name\":\"Klaus Tuttlies\",\"@id\":\"https:\\\/\\\/theologos-culturalclub.com\\\/de\\\/#\\\/schema\\\/person\\\/326b359b81e1b86119856f6664794610\"},\"headline\":\"50 Jahre Thassitische Hochzeit &#8211; 2026\",\"datePublished\":\"2026-08-13T06:53:35+00:00\",\"dateModified\":\"2026-08-16T06:51:09+00:00\",\"mainEntityOfPage\":{\"@id\":\"https:\\\/\\\/theologos-culturalclub.com\\\/de\\\/50-jahre-thassitische-hochzeit-2026\\\/\"},\"wordCount\":514,\"commentCount\":0,\"publisher\":{\"@id\":\"https:\\\/\\\/theologos-culturalclub.com\\\/de\\\/#organization\"},\"image\":{\"@id\":\"https:\\\/\\\/theologos-culturalclub.com\\\/de\\\/50-jahre-thassitische-hochzeit-2026\\\/#primaryimage\"},\"thumbnailUrl\":\"https:\\\/\\\/theologos-culturalclub.com\\\/wp-content\\\/uploads\\\/fmt_redaktion\\\/beitrag\\\/2026\\\/peninta-chronia-Thasitikos-Gamos-12_08_2026-DSCF4414-017.jpg\",\"articleSection\":[\"Veranstaltung\"],\"inLanguage\":\"de\",\"potentialAction\":[{\"@type\":\"CommentAction\",\"name\":\"Comment\",\"target\":[\"https:\\\/\\\/theologos-culturalclub.com\\\/de\\\/50-jahre-thassitische-hochzeit-2026\\\/#respond\"]}]},{\"@type\":\"WebPage\",\"@id\":\"https:\\\/\\\/theologos-culturalclub.com\\\/de\\\/50-jahre-thassitische-hochzeit-2026\\\/\",\"url\":\"https:\\\/\\\/theologos-culturalclub.com\\\/de\\\/50-jahre-thassitische-hochzeit-2026\\\/\",\"name\":\"50 Jahre Thassitische Hochzeit - 2026 - theologos-culturalclub.com\",\"isPartOf\":{\"@id\":\"https:\\\/\\\/theologos-culturalclub.com\\\/de\\\/#website\"},\"primaryImageOfPage\":{\"@id\":\"https:\\\/\\\/theologos-culturalclub.com\\\/de\\\/50-jahre-thassitische-hochzeit-2026\\\/#primaryimage\"},\"image\":{\"@id\":\"https:\\\/\\\/theologos-culturalclub.com\\\/de\\\/50-jahre-thassitische-hochzeit-2026\\\/#primaryimage\"},\"thumbnailUrl\":\"https:\\\/\\\/theologos-culturalclub.com\\\/wp-content\\\/uploads\\\/fmt_redaktion\\\/beitrag\\\/2026\\\/peninta-chronia-Thasitikos-Gamos-12_08_2026-DSCF4414-017.jpg\",\"datePublished\":\"2026-08-13T06:53:35+00:00\",\"dateModified\":\"2026-08-16T06:51:09+00:00\",\"description\":\"50 Jahre Thassitische Hochzeit - 2026 - Kulturverein Theologos \u2013 \u0398\u03b5\u03bf\u03bb\u03cc\u03b3\u03bf\u03c2, \u0398\u03ac\u03c3\u03bf\u03c2\",\"breadcrumb\":{\"@id\":\"https:\\\/\\\/theologos-culturalclub.com\\\/de\\\/50-jahre-thassitische-hochzeit-2026\\\/#breadcrumb\"},\"inLanguage\":\"de\",\"potentialAction\":[{\"@type\":\"ReadAction\",\"target\":[\"https:\\\/\\\/theologos-culturalclub.com\\\/de\\\/50-jahre-thassitische-hochzeit-2026\\\/\"]}]},{\"@type\":\"ImageObject\",\"inLanguage\":\"de\",\"@id\":\"https:\\\/\\\/theologos-culturalclub.com\\\/de\\\/50-jahre-thassitische-hochzeit-2026\\\/#primaryimage\",\"url\":\"https:\\\/\\\/theologos-culturalclub.com\\\/wp-content\\\/uploads\\\/fmt_redaktion\\\/beitrag\\\/2026\\\/peninta-chronia-Thasitikos-Gamos-12_08_2026-DSCF4414-017.jpg\",\"contentUrl\":\"https:\\\/\\\/theologos-culturalclub.com\\\/wp-content\\\/uploads\\\/fmt_redaktion\\\/beitrag\\\/2026\\\/peninta-chronia-Thasitikos-Gamos-12_08_2026-DSCF4414-017.jpg\",\"width\":1280,\"height\":853},{\"@type\":\"BreadcrumbList\",\"@id\":\"https:\\\/\\\/theologos-culturalclub.com\\\/de\\\/50-jahre-thassitische-hochzeit-2026\\\/#breadcrumb\",\"itemListElement\":[{\"@type\":\"ListItem\",\"position\":1,\"name\":\"Start\",\"item\":\"https:\\\/\\\/theologos-culturalclub.com\\\/de\\\/\"},{\"@type\":\"ListItem\",\"position\":2,\"name\":\"50 Jahre Thassitische Hochzeit &#8211; 2026\"}]},{\"@type\":\"WebSite\",\"@id\":\"https:\\\/\\\/theologos-culturalclub.com\\\/de\\\/#website\",\"url\":\"https:\\\/\\\/theologos-culturalclub.com\\\/de\\\/\",\"name\":\"\u03a0\u03bf\u03bb\u03b9\u03c4\u03b9\u03c3\u03c4\u03b9\u03ba\u03cc\u03c2 \u03a3\u03cd\u03bb\u03bb\u03bf\u03b3\u03bf\u03c2 \u00ab\u0398\u03b5\u03cc\u03bb\u03bf\u03b3\u03bf\u03c2\u00bb\",\"description\":\"\u0391\u03c5\u03c4\u03ae \u03b5\u03af\u03bd\u03b1\u03b9 \u03b7 \u03b9\u03c3\u03c4\u03bf\u03c3\u03b5\u03bb\u03af\u03b4\u03b1 \u03c4\u03bf\u03c5 \u03a0\u03bf\u03bb\u03b9\u03c4\u03b9\u03c3\u03c4\u03b9\u03ba\u03bf\u03cd \u03a3\u03c5\u03bb\u03bb\u03cc\u03b3\u03bf\u03c5 \u00ab\u0398\u03b5\u03bf\u03bb\u03cc\u03b3\u03bf\u03c2\u00bb.\",\"publisher\":{\"@id\":\"https:\\\/\\\/theologos-culturalclub.com\\\/de\\\/#organization\"},\"alternateName\":\"\u0391\u03c5\u03c4\u03ae \u03b5\u03af\u03bd\u03b1\u03b9 \u03b7 \u03b9\u03c3\u03c4\u03bf\u03c3\u03b5\u03bb\u03af\u03b4\u03b1 \u03c4\u03bf\u03c5 \u03a0\u03bf\u03bb\u03b9\u03c4\u03b9\u03c3\u03c4\u03b9\u03ba\u03bf\u03cd \u03a3\u03c5\u03bb\u03bb\u03cc\u03b3\u03bf\u03c5 \u00ab\u0398\u03b5\u03bf\u03bb\u03cc\u03b3\u03bf\u03c2\u00bb.\",\"potentialAction\":[{\"@type\":\"SearchAction\",\"target\":{\"@type\":\"EntryPoint\",\"urlTemplate\":\"https:\\\/\\\/theologos-culturalclub.com\\\/de\\\/?s={search_term_string}\"},\"query-input\":{\"@type\":\"PropertyValueSpecification\",\"valueRequired\":true,\"valueName\":\"search_term_string\"}}],\"inLanguage\":\"de\"},{\"@type\":\"Organization\",\"@id\":\"https:\\\/\\\/theologos-culturalclub.com\\\/de\\\/#organization\",\"name\":\"\u03a0\u03bf\u03bb\u03b9\u03c4\u03b9\u03c3\u03c4\u03b9\u03ba\u03cc\u03c2 \u03a3\u03cd\u03bb\u03bb\u03bf\u03b3\u03bf\u03c2 \u00ab\u0398\u03b5\u03cc\u03bb\u03bf\u03b3\u03bf\u03c2\u00bb\",\"alternateName\":\"\u03a0\u03bf\u03bb\u03b9\u03c4\u03b9\u03c3\u03c4\u03b9\u03ba\u03cc\u03c2 \u03a3\u03cd\u03bb\u03bb\u03bf\u03b3\u03bf\u03c2 \u00ab\u0398\u03b5\u03cc\u03bb\u03bf\u03b3\u03bf\u03c2\u00bb\",\"url\":\"https:\\\/\\\/theologos-culturalclub.com\\\/de\\\/\",\"logo\":{\"@type\":\"ImageObject\",\"inLanguage\":\"de\",\"@id\":\"https:\\\/\\\/theologos-culturalclub.com\\\/de\\\/#\\\/schema\\\/logo\\\/image\\\/\",\"url\":\"https:\\\/\\\/theologos-culturalclub.com\\\/wp-content\\\/uploads\\\/fmt-logo_696_2.png\",\"contentUrl\":\"https:\\\/\\\/theologos-culturalclub.com\\\/wp-content\\\/uploads\\\/fmt-logo_696_2.png\",\"width\":696,\"height\":696,\"caption\":\"\u03a0\u03bf\u03bb\u03b9\u03c4\u03b9\u03c3\u03c4\u03b9\u03ba\u03cc\u03c2 \u03a3\u03cd\u03bb\u03bb\u03bf\u03b3\u03bf\u03c2 \u00ab\u0398\u03b5\u03cc\u03bb\u03bf\u03b3\u03bf\u03c2\u00bb\"},\"image\":{\"@id\":\"https:\\\/\\\/theologos-culturalclub.com\\\/de\\\/#\\\/schema\\\/logo\\\/image\\\/\"}},{\"@type\":\"Person\",\"@id\":\"https:\\\/\\\/theologos-culturalclub.com\\\/de\\\/#\\\/schema\\\/person\\\/326b359b81e1b86119856f6664794610\",\"name\":\"Klaus Tuttlies\",\"image\":{\"@type\":\"ImageObject\",\"inLanguage\":\"de\",\"@id\":\"https:\\\/\\\/secure.gravatar.com\\\/avatar\\\/7c58e31a6aa412e5e3b5ec894a2065a10d849ec9f06d2d984c26ec409633a2e9?s=96&d=mm&r=g\",\"url\":\"https:\\\/\\\/secure.gravatar.com\\\/avatar\\\/7c58e31a6aa412e5e3b5ec894a2065a10d849ec9f06d2d984c26ec409633a2e9?s=96&d=mm&r=g\",\"contentUrl\":\"https:\\\/\\\/secure.gravatar.com\\\/avatar\\\/7c58e31a6aa412e5e3b5ec894a2065a10d849ec9f06d2d984c26ec409633a2e9?s=96&d=mm&r=g\",\"caption\":\"Klaus Tuttlies\"}}]}<\/script>\n<!-- \/ Yoast SEO plugin. -->","yoast_head_json":{"title":"50 Jahre Thassitische Hochzeit - 2026 - theologos-culturalclub.com","description":"50 Jahre Thassitische Hochzeit - 2026 - Kulturverein Theologos \u2013 \u0398\u03b5\u03bf\u03bb\u03cc\u03b3\u03bf\u03c2, \u0398\u03ac\u03c3\u03bf\u03c2","robots":{"index":"index","follow":"follow","max-snippet":"max-snippet:-1","max-image-preview":"max-image-preview:large","max-video-preview":"max-video-preview:-1"},"canonical":"https:\/\/theologos-culturalclub.com\/de\/50-jahre-thassitische-hochzeit-2026\/","og_locale":"de_DE","og_type":"article","og_title":"50 Jahre Thassitische Hochzeit - 2026 - theologos-culturalclub.com","og_description":"50 Jahre Thassitische Hochzeit - 2026 - Kulturverein Theologos \u2013 \u0398\u03b5\u03bf\u03bb\u03cc\u03b3\u03bf\u03c2, \u0398\u03ac\u03c3\u03bf\u03c2","og_url":"https:\/\/theologos-culturalclub.com\/de\/50-jahre-thassitische-hochzeit-2026\/","og_site_name":"theologos-culturalclub.com","article_published_time":"2026-08-13T06:53:35+00:00","article_modified_time":"2026-08-16T06:51:09+00:00","og_image":[{"width":1280,"height":853,"url":"https:\/\/theologos-culturalclub.com\/wp-content\/uploads\/fmt_redaktion\/beitrag\/2026\/peninta-chronia-Thasitikos-Gamos-12_08_2026-DSCF4414-017.jpg","type":"image\/jpeg"}],"author":"Klaus Tuttlies","twitter_misc":{"Verfasst von":"Klaus Tuttlies","Gesch\u00e4tzte Lesezeit":"3\u00a0Minuten"},"schema":{"@context":"https:\/\/schema.org","@graph":[{"@type":"Article","@id":"https:\/\/theologos-culturalclub.com\/de\/50-jahre-thassitische-hochzeit-2026\/#article","isPartOf":{"@id":"https:\/\/theologos-culturalclub.com\/de\/50-jahre-thassitische-hochzeit-2026\/"},"author":{"name":"Klaus Tuttlies","@id":"https:\/\/theologos-culturalclub.com\/de\/#\/schema\/person\/326b359b81e1b86119856f6664794610"},"headline":"50 Jahre Thassitische Hochzeit &#8211; 2026","datePublished":"2026-08-13T06:53:35+00:00","dateModified":"2026-08-16T06:51:09+00:00","mainEntityOfPage":{"@id":"https:\/\/theologos-culturalclub.com\/de\/50-jahre-thassitische-hochzeit-2026\/"},"wordCount":514,"commentCount":0,"publisher":{"@id":"https:\/\/theologos-culturalclub.com\/de\/#organization"},"image":{"@id":"https:\/\/theologos-culturalclub.com\/de\/50-jahre-thassitische-hochzeit-2026\/#primaryimage"},"thumbnailUrl":"https:\/\/theologos-culturalclub.com\/wp-content\/uploads\/fmt_redaktion\/beitrag\/2026\/peninta-chronia-Thasitikos-Gamos-12_08_2026-DSCF4414-017.jpg","articleSection":["Veranstaltung"],"inLanguage":"de","potentialAction":[{"@type":"CommentAction","name":"Comment","target":["https:\/\/theologos-culturalclub.com\/de\/50-jahre-thassitische-hochzeit-2026\/#respond"]}]},{"@type":"WebPage","@id":"https:\/\/theologos-culturalclub.com\/de\/50-jahre-thassitische-hochzeit-2026\/","url":"https:\/\/theologos-culturalclub.com\/de\/50-jahre-thassitische-hochzeit-2026\/","name":"50 Jahre Thassitische Hochzeit - 2026 - theologos-culturalclub.com","isPartOf":{"@id":"https:\/\/theologos-culturalclub.com\/de\/#website"},"primaryImageOfPage":{"@id":"https:\/\/theologos-culturalclub.com\/de\/50-jahre-thassitische-hochzeit-2026\/#primaryimage"},"image":{"@id":"https:\/\/theologos-culturalclub.com\/de\/50-jahre-thassitische-hochzeit-2026\/#primaryimage"},"thumbnailUrl":"https:\/\/theologos-culturalclub.com\/wp-content\/uploads\/fmt_redaktion\/beitrag\/2026\/peninta-chronia-Thasitikos-Gamos-12_08_2026-DSCF4414-017.jpg","datePublished":"2026-08-13T06:53:35+00:00","dateModified":"2026-08-16T06:51:09+00:00","description":"50 Jahre Thassitische Hochzeit - 2026 - Kulturverein Theologos \u2013 \u0398\u03b5\u03bf\u03bb\u03cc\u03b3\u03bf\u03c2, \u0398\u03ac\u03c3\u03bf\u03c2","breadcrumb":{"@id":"https:\/\/theologos-culturalclub.com\/de\/50-jahre-thassitische-hochzeit-2026\/#breadcrumb"},"inLanguage":"de","potentialAction":[{"@type":"ReadAction","target":["https:\/\/theologos-culturalclub.com\/de\/50-jahre-thassitische-hochzeit-2026\/"]}]},{"@type":"ImageObject","inLanguage":"de","@id":"https:\/\/theologos-culturalclub.com\/de\/50-jahre-thassitische-hochzeit-2026\/#primaryimage","url":"https:\/\/theologos-culturalclub.com\/wp-content\/uploads\/fmt_redaktion\/beitrag\/2026\/peninta-chronia-Thasitikos-Gamos-12_08_2026-DSCF4414-017.jpg","contentUrl":"https:\/\/theologos-culturalclub.com\/wp-content\/uploads\/fmt_redaktion\/beitrag\/2026\/peninta-chronia-Thasitikos-Gamos-12_08_2026-DSCF4414-017.jpg","width":1280,"height":853},{"@type":"BreadcrumbList","@id":"https:\/\/theologos-culturalclub.com\/de\/50-jahre-thassitische-hochzeit-2026\/#breadcrumb","itemListElement":[{"@type":"ListItem","position":1,"name":"Start","item":"https:\/\/theologos-culturalclub.com\/de\/"},{"@type":"ListItem","position":2,"name":"50 Jahre Thassitische Hochzeit &#8211; 2026"}]},{"@type":"WebSite","@id":"https:\/\/theologos-culturalclub.com\/de\/#website","url":"https:\/\/theologos-culturalclub.com\/de\/","name":"\u03a0\u03bf\u03bb\u03b9\u03c4\u03b9\u03c3\u03c4\u03b9\u03ba\u03cc\u03c2 \u03a3\u03cd\u03bb\u03bb\u03bf\u03b3\u03bf\u03c2 \u00ab\u0398\u03b5\u03cc\u03bb\u03bf\u03b3\u03bf\u03c2\u00bb","description":"\u0391\u03c5\u03c4\u03ae \u03b5\u03af\u03bd\u03b1\u03b9 \u03b7 \u03b9\u03c3\u03c4\u03bf\u03c3\u03b5\u03bb\u03af\u03b4\u03b1 \u03c4\u03bf\u03c5 \u03a0\u03bf\u03bb\u03b9\u03c4\u03b9\u03c3\u03c4\u03b9\u03ba\u03bf\u03cd \u03a3\u03c5\u03bb\u03bb\u03cc\u03b3\u03bf\u03c5 \u00ab\u0398\u03b5\u03bf\u03bb\u03cc\u03b3\u03bf\u03c2\u00bb.","publisher":{"@id":"https:\/\/theologos-culturalclub.com\/de\/#organization"},"alternateName":"\u0391\u03c5\u03c4\u03ae \u03b5\u03af\u03bd\u03b1\u03b9 \u03b7 \u03b9\u03c3\u03c4\u03bf\u03c3\u03b5\u03bb\u03af\u03b4\u03b1 \u03c4\u03bf\u03c5 \u03a0\u03bf\u03bb\u03b9\u03c4\u03b9\u03c3\u03c4\u03b9\u03ba\u03bf\u03cd \u03a3\u03c5\u03bb\u03bb\u03cc\u03b3\u03bf\u03c5 \u00ab\u0398\u03b5\u03bf\u03bb\u03cc\u03b3\u03bf\u03c2\u00bb.","potentialAction":[{"@type":"SearchAction","target":{"@type":"EntryPoint","urlTemplate":"https:\/\/theologos-culturalclub.com\/de\/?s={search_term_string}"},"query-input":{"@type":"PropertyValueSpecification","valueRequired":true,"valueName":"search_term_string"}}],"inLanguage":"de"},{"@type":"Organization","@id":"https:\/\/theologos-culturalclub.com\/de\/#organization","name":"\u03a0\u03bf\u03bb\u03b9\u03c4\u03b9\u03c3\u03c4\u03b9\u03ba\u03cc\u03c2 \u03a3\u03cd\u03bb\u03bb\u03bf\u03b3\u03bf\u03c2 \u00ab\u0398\u03b5\u03cc\u03bb\u03bf\u03b3\u03bf\u03c2\u00bb","alternateName":"\u03a0\u03bf\u03bb\u03b9\u03c4\u03b9\u03c3\u03c4\u03b9\u03ba\u03cc\u03c2 \u03a3\u03cd\u03bb\u03bb\u03bf\u03b3\u03bf\u03c2 \u00ab\u0398\u03b5\u03cc\u03bb\u03bf\u03b3\u03bf\u03c2\u00bb","url":"https:\/\/theologos-culturalclub.com\/de\/","logo":{"@type":"ImageObject","inLanguage":"de","@id":"https:\/\/theologos-culturalclub.com\/de\/#\/schema\/logo\/image\/","url":"https:\/\/theologos-culturalclub.com\/wp-content\/uploads\/fmt-logo_696_2.png","contentUrl":"https:\/\/theologos-culturalclub.com\/wp-content\/uploads\/fmt-logo_696_2.png","width":696,"height":696,"caption":"\u03a0\u03bf\u03bb\u03b9\u03c4\u03b9\u03c3\u03c4\u03b9\u03ba\u03cc\u03c2 \u03a3\u03cd\u03bb\u03bb\u03bf\u03b3\u03bf\u03c2 \u00ab\u0398\u03b5\u03cc\u03bb\u03bf\u03b3\u03bf\u03c2\u00bb"},"image":{"@id":"https:\/\/theologos-culturalclub.com\/de\/#\/schema\/logo\/image\/"}},{"@type":"Person","@id":"https:\/\/theologos-culturalclub.com\/de\/#\/schema\/person\/326b359b81e1b86119856f6664794610","name":"Klaus Tuttlies","image":{"@type":"ImageObject","inLanguage":"de","@id":"https:\/\/secure.gravatar.com\/avatar\/7c58e31a6aa412e5e3b5ec894a2065a10d849ec9f06d2d984c26ec409633a2e9?s=96&d=mm&r=g","url":"https:\/\/secure.gravatar.com\/avatar\/7c58e31a6aa412e5e3b5ec894a2065a10d849ec9f06d2d984c26ec409633a2e9?s=96&d=mm&r=g","contentUrl":"https:\/\/secure.gravatar.com\/avatar\/7c58e31a6aa412e5e3b5ec894a2065a10d849ec9f06d2d984c26ec409633a2e9?s=96&d=mm&r=g","caption":"Klaus Tuttlies"}}]}},"_links":{"self":[{"href":"https:\/\/theologos-culturalclub.com\/de\/wp-json\/wp\/v2\/posts\/3356","targetHints":{"allow":["GET"]}}],"collection":[{"href":"https:\/\/theologos-culturalclub.com\/de\/wp-json\/wp\/v2\/posts"}],"about":[{"href":"https:\/\/theologos-culturalclub.com\/de\/wp-json\/wp\/v2\/types\/post"}],"author":[{"embeddable":true,"href":"https:\/\/theologos-culturalclub.com\/de\/wp-json\/wp\/v2\/users\/6"}],"replies":[{"embeddable":true,"href":"https:\/\/theologos-culturalclub.com\/de\/wp-json\/wp\/v2\/comments?post=3356"}],"version-history":[{"count":6,"href":"https:\/\/theologos-culturalclub.com\/de\/wp-json\/wp\/v2\/posts\/3356\/revisions"}],"predecessor-version":[{"id":3531,"href":"https:\/\/theologos-culturalclub.com\/de\/wp-json\/wp\/v2\/posts\/3356\/revisions\/3531"}],"wp:featuredmedia":[{"embeddable":true,"href":"https:\/\/theologos-culturalclub.com\/de\/wp-json\/wp\/v2\/media\/3386"}],"wp:attachment":[{"href":"https:\/\/theologos-culturalclub.com\/de\/wp-json\/wp\/v2\/media?parent=3356"}],"wp:term":[{"taxonomy":"category","embeddable":true,"href":"https:\/\/theologos-culturalclub.com\/de\/wp-json\/wp\/v2\/categories?post=3356"},{"taxonomy":"post_tag","embeddable":true,"href":"https:\/\/theologos-culturalclub.com\/de\/wp-json\/wp\/v2\/tags?post=3356"}],"curies":[{"name":"wp","href":"https:\/\/api.w.org\/{rel}","templated":true}]}}