{"id":3128,"date":"2026-08-04T00:46:01","date_gmt":"2026-08-03T21:46:01","guid":{"rendered":"https:\/\/theologos-culturalclub.com\/?p=3128"},"modified":"2026-08-14T11:14:06","modified_gmt":"2026-08-14T08:14:06","slug":"august-herr-august","status":"publish","type":"post","link":"https:\/\/theologos-culturalclub.com\/de\/august-herr-august\/","title":{"rendered":"\u201eAugust, Herr August&#8220; &#8211; 2026"},"content":{"rendered":"<p>Auch in diesem Jahr fand die traditionelle Veranstaltung \u201e<strong>AUGUST, Herr AUGUST<\/strong>\u201c mit gro\u00dfem Erfolg statt, die vom<strong> Kulturverein Theologos-Potou \u201eHATZIGIORGIS\u201c <\/strong>organisiert wurde und einen sch\u00f6nen Brauch wiederbelebt, der uns in Zeiten zur\u00fcckversetzt, in denen die Menschen in vollkommener Harmonie mit der Natur lebten und den Wechsel der Jahreszeiten sowie die Fr\u00fcchte der Erde ehrten.<\/p>\n<p>Ende Juli feierten unsere Vorfahren den Abschluss der Getreideernte und begr\u00fc\u00dften voller Zuversicht die neue Zeit des \u00dcberflusses, der Fr\u00fcchte und Ertr\u00e4ge. <br \/>Derselbe Geist wurde auch in diesem Jahr im historischen Theologos wiederbelebt, wo zahlreiche Einwohner und Besucher aus Griechenland und dem Ausland an einem Fest mit erlesenen K\u00f6stlichkeiten, traditionellen S\u00fc\u00dfspeisen, Live-Musik, viel gute Laune und reichlich Tanz, um gemeinsam das Ende des Julis und den Beginn des Augusts zu feiern und so die Traditionen unserer Region lebendig zu halten.<\/p>\n<p>Ein besonderer H\u00f6hepunkt des Abends war die Wiederbelebung des althergebrachten Brauchs mit den Feuern. Die kleinen Besucher hatten die Gelegenheit, gem\u00e4\u00df der Tradition \u00fcber die Flammen zu springen, was die Reinigung und den Begr\u00fc\u00dfung der neuen Jahreszeit mit Gesundheit, Kraft und Gl\u00fcck symbolisiert.<\/p>\n<p>Der Vorsitzende des Vereins, <strong>Giannis Karantelos<\/strong>, hielt eine Begr\u00fc\u00dfungsrede, w\u00e4hrend die Tanzgruppe des Kulturvereins unter den Kl\u00e4ngen der Musikkapelle den Rhythmus des Abends bestimmte und Jung und Alt zu einem authentischen traditionellen Fest mitriss.<br \/>Die Veranstaltung wurde durch die Anwesenheit des stellvertretenden Regionalpr\u00e4sidenten f\u00fcr Tourismus der Region Ostmakedonien und Thrakien, <strong>Panagiotis Archontis,<\/strong> des B\u00fcrgermeisters von Thasos, <strong>Eleftherios Kyriakidis<\/strong>, der Beigeordnete f\u00fcr Tourismus, <strong>Giannis Markianos<\/strong>, der Beigeordnete f\u00fcr Kultur, <strong>Giorgos Koutsoumanis<\/strong>, sowie der Vorsitzende des Gemeinderats von Theologos, <strong>Kostas Sourinis<\/strong>.<\/p>\n<p>Der Kulturverein Theologos-Potou \u201eHATZIGIORGIS\u201c bedankt sich herzlich bei der Gemeinde Thasos f\u00fcr die Bereitstellung der R\u00e4umlichkeiten, bei allen Zubereitern der hervorragenden H\u00e4ppchen und S\u00fc\u00dfspeisen sowie bei den Freiwilligen, die mit ihrem selbstlosen Einsatz entscheidend zur tadellosen Durchf\u00fchrung der Veranstaltung beigetragen haben.<\/p>\n<p>Ein gro\u00dfes Dankesch\u00f6n gilt auch allen, die dabei waren und den Theologos-Platz mit L\u00e4cheln, Gesang und Tanz erf\u00fcllt haben und damit ein weiteres Jahr bewiesen haben, dass die Tradition lebendig bleibt, wenn wir sie alle gemeinsam pflegen.<\/p>\n<p><\/p>\n","protected":false},"excerpt":{"rendered":"<p>Auch in diesem Jahr fand die traditionelle Veranstaltung \u201eAUGUST, Herr AUGUST\u201c mit gro\u00dfem Erfolg statt, die vom Kulturverein Theologos-Potou \u201eHATZIGIORGIS\u201c organisiert wurde und einen sch\u00f6nen Brauch wiederbelebt, der uns in Zeiten zur\u00fcckversetzt, in denen die Menschen in vollkommener Harmonie mit der Natur lebten und den Wechsel der Jahreszeiten sowie die Fr\u00fcchte der Erde ehrten. Ende [&hellip;]<\/p>\n","protected":false},"author":6,"featured_media":3129,"comment_status":"open","ping_status":"open","sticky":false,"template":"","format":"standard","meta":{"_acf_changed":false,"footnotes":""},"categories":[1],"tags":[],"class_list":["post-3128","post","type-post","status-publish","format-standard","has-post-thumbnail","hentry","category-unkategorisiert"],"acf":[],"yoast_head":"<!-- This site is optimized with the Yoast SEO plugin v28.3 - https:\/\/yoast.com\/product\/yoast-seo-wordpress\/ -->\n<title>\u201eAugust, Herr August&quot; - 2026 - theologos-culturalclub.com<\/title>\n<meta name=\"description\" content=\"\u201eAugust, Herr August&quot; - 2026 - Kulturverein Theologos \u2013 \u0398\u03b5\u03bf\u03bb\u03cc\u03b3\u03bf\u03c2, \u0398\u03ac\u03c3\u03bf\u03c2\" \/>\n<meta name=\"robots\" content=\"index, follow, max-snippet:-1, max-image-preview:large, max-video-preview:-1\" \/>\n<link rel=\"canonical\" href=\"https:\/\/theologos-culturalclub.com\/de\/august-herr-august\/\" \/>\n<meta property=\"og:locale\" content=\"de_DE\" \/>\n<meta property=\"og:type\" content=\"article\" \/>\n<meta property=\"og:title\" content=\"\u201eAugust, Herr August&quot; - 2026 - theologos-culturalclub.com\" \/>\n<meta property=\"og:description\" content=\"\u201eAugust, Herr August&quot; - 2026 - Kulturverein Theologos \u2013 \u0398\u03b5\u03bf\u03bb\u03cc\u03b3\u03bf\u03c2, \u0398\u03ac\u03c3\u03bf\u03c2\" \/>\n<meta property=\"og:url\" content=\"https:\/\/theologos-culturalclub.com\/de\/august-herr-august\/\" \/>\n<meta property=\"og:site_name\" content=\"theologos-culturalclub.com\" \/>\n<meta property=\"article:published_time\" content=\"2026-08-03T21:46:01+00:00\" \/>\n<meta property=\"article:modified_time\" content=\"2026-08-14T08:14:06+00:00\" \/>\n<meta property=\"og:image\" content=\"https:\/\/theologos-culturalclub.com\/wp-content\/uploads\/fmt_redaktion\/beitrag\/2026\/20260731_221556-scaled.jpg\" \/>\n\t<meta property=\"og:image:width\" content=\"2560\" \/>\n\t<meta property=\"og:image:height\" content=\"1183\" \/>\n\t<meta property=\"og:image:type\" content=\"image\/jpeg\" \/>\n<meta name=\"author\" content=\"Klaus Tuttlies\" \/>\n<meta name=\"twitter:label1\" content=\"Verfasst von\" \/>\n\t<meta name=\"twitter:data1\" content=\"Klaus Tuttlies\" \/>\n\t<meta name=\"twitter:label2\" content=\"Gesch\u00e4tzte Lesezeit\" \/>\n\t<meta name=\"twitter:data2\" content=\"2\u00a0Minuten\" \/>\n<script type=\"application\/ld+json\" class=\"yoast-schema-graph\">{\"@context\":\"https:\\\/\\\/schema.org\",\"@graph\":[{\"@type\":\"Article\",\"@id\":\"https:\\\/\\\/theologos-culturalclub.com\\\/de\\\/august-herr-august\\\/#article\",\"isPartOf\":{\"@id\":\"https:\\\/\\\/theologos-culturalclub.com\\\/de\\\/august-herr-august\\\/\"},\"author\":{\"name\":\"Klaus Tuttlies\",\"@id\":\"https:\\\/\\\/theologos-culturalclub.com\\\/de\\\/#\\\/schema\\\/person\\\/326b359b81e1b86119856f6664794610\"},\"headline\":\"\u201eAugust, Herr August&#8220; &#8211; 2026\",\"datePublished\":\"2026-08-03T21:46:01+00:00\",\"dateModified\":\"2026-08-14T08:14:06+00:00\",\"mainEntityOfPage\":{\"@id\":\"https:\\\/\\\/theologos-culturalclub.com\\\/de\\\/august-herr-august\\\/\"},\"wordCount\":367,\"commentCount\":0,\"publisher\":{\"@id\":\"https:\\\/\\\/theologos-culturalclub.com\\\/de\\\/#organization\"},\"image\":{\"@id\":\"https:\\\/\\\/theologos-culturalclub.com\\\/de\\\/august-herr-august\\\/#primaryimage\"},\"thumbnailUrl\":\"https:\\\/\\\/theologos-culturalclub.com\\\/wp-content\\\/uploads\\\/fmt_redaktion\\\/beitrag\\\/2026\\\/20260731_221556-scaled.jpg\",\"articleSection\":[\"Unkategorisiert\"],\"inLanguage\":\"de\",\"potentialAction\":[{\"@type\":\"CommentAction\",\"name\":\"Comment\",\"target\":[\"https:\\\/\\\/theologos-culturalclub.com\\\/de\\\/august-herr-august\\\/#respond\"]}]},{\"@type\":\"WebPage\",\"@id\":\"https:\\\/\\\/theologos-culturalclub.com\\\/de\\\/august-herr-august\\\/\",\"url\":\"https:\\\/\\\/theologos-culturalclub.com\\\/de\\\/august-herr-august\\\/\",\"name\":\"\u201eAugust, Herr August\\\" - 2026 - theologos-culturalclub.com\",\"isPartOf\":{\"@id\":\"https:\\\/\\\/theologos-culturalclub.com\\\/de\\\/#website\"},\"primaryImageOfPage\":{\"@id\":\"https:\\\/\\\/theologos-culturalclub.com\\\/de\\\/august-herr-august\\\/#primaryimage\"},\"image\":{\"@id\":\"https:\\\/\\\/theologos-culturalclub.com\\\/de\\\/august-herr-august\\\/#primaryimage\"},\"thumbnailUrl\":\"https:\\\/\\\/theologos-culturalclub.com\\\/wp-content\\\/uploads\\\/fmt_redaktion\\\/beitrag\\\/2026\\\/20260731_221556-scaled.jpg\",\"datePublished\":\"2026-08-03T21:46:01+00:00\",\"dateModified\":\"2026-08-14T08:14:06+00:00\",\"description\":\"\u201eAugust, Herr August\\\" - 2026 - Kulturverein Theologos \u2013 \u0398\u03b5\u03bf\u03bb\u03cc\u03b3\u03bf\u03c2, \u0398\u03ac\u03c3\u03bf\u03c2\",\"breadcrumb\":{\"@id\":\"https:\\\/\\\/theologos-culturalclub.com\\\/de\\\/august-herr-august\\\/#breadcrumb\"},\"inLanguage\":\"de\",\"potentialAction\":[{\"@type\":\"ReadAction\",\"target\":[\"https:\\\/\\\/theologos-culturalclub.com\\\/de\\\/august-herr-august\\\/\"]}]},{\"@type\":\"ImageObject\",\"inLanguage\":\"de\",\"@id\":\"https:\\\/\\\/theologos-culturalclub.com\\\/de\\\/august-herr-august\\\/#primaryimage\",\"url\":\"https:\\\/\\\/theologos-culturalclub.com\\\/wp-content\\\/uploads\\\/fmt_redaktion\\\/beitrag\\\/2026\\\/20260731_221556-scaled.jpg\",\"contentUrl\":\"https:\\\/\\\/theologos-culturalclub.com\\\/wp-content\\\/uploads\\\/fmt_redaktion\\\/beitrag\\\/2026\\\/20260731_221556-scaled.jpg\",\"width\":2560,\"height\":1183},{\"@type\":\"BreadcrumbList\",\"@id\":\"https:\\\/\\\/theologos-culturalclub.com\\\/de\\\/august-herr-august\\\/#breadcrumb\",\"itemListElement\":[{\"@type\":\"ListItem\",\"position\":1,\"name\":\"Start\",\"item\":\"https:\\\/\\\/theologos-culturalclub.com\\\/de\\\/\"},{\"@type\":\"ListItem\",\"position\":2,\"name\":\"\u201eAugust, Herr August&#8220; &#8211; 2026\"}]},{\"@type\":\"WebSite\",\"@id\":\"https:\\\/\\\/theologos-culturalclub.com\\\/de\\\/#website\",\"url\":\"https:\\\/\\\/theologos-culturalclub.com\\\/de\\\/\",\"name\":\"\u03a0\u03bf\u03bb\u03b9\u03c4\u03b9\u03c3\u03c4\u03b9\u03ba\u03cc\u03c2 \u03a3\u03cd\u03bb\u03bb\u03bf\u03b3\u03bf\u03c2 \u00ab\u0398\u03b5\u03cc\u03bb\u03bf\u03b3\u03bf\u03c2\u00bb\",\"description\":\"\u0391\u03c5\u03c4\u03ae \u03b5\u03af\u03bd\u03b1\u03b9 \u03b7 \u03b9\u03c3\u03c4\u03bf\u03c3\u03b5\u03bb\u03af\u03b4\u03b1 \u03c4\u03bf\u03c5 \u03a0\u03bf\u03bb\u03b9\u03c4\u03b9\u03c3\u03c4\u03b9\u03ba\u03bf\u03cd \u03a3\u03c5\u03bb\u03bb\u03cc\u03b3\u03bf\u03c5 \u00ab\u0398\u03b5\u03bf\u03bb\u03cc\u03b3\u03bf\u03c2\u00bb.\",\"publisher\":{\"@id\":\"https:\\\/\\\/theologos-culturalclub.com\\\/de\\\/#organization\"},\"alternateName\":\"\u0391\u03c5\u03c4\u03ae \u03b5\u03af\u03bd\u03b1\u03b9 \u03b7 \u03b9\u03c3\u03c4\u03bf\u03c3\u03b5\u03bb\u03af\u03b4\u03b1 \u03c4\u03bf\u03c5 \u03a0\u03bf\u03bb\u03b9\u03c4\u03b9\u03c3\u03c4\u03b9\u03ba\u03bf\u03cd \u03a3\u03c5\u03bb\u03bb\u03cc\u03b3\u03bf\u03c5 \u00ab\u0398\u03b5\u03bf\u03bb\u03cc\u03b3\u03bf\u03c2\u00bb.\",\"potentialAction\":[{\"@type\":\"SearchAction\",\"target\":{\"@type\":\"EntryPoint\",\"urlTemplate\":\"https:\\\/\\\/theologos-culturalclub.com\\\/de\\\/?s={search_term_string}\"},\"query-input\":{\"@type\":\"PropertyValueSpecification\",\"valueRequired\":true,\"valueName\":\"search_term_string\"}}],\"inLanguage\":\"de\"},{\"@type\":\"Organization\",\"@id\":\"https:\\\/\\\/theologos-culturalclub.com\\\/de\\\/#organization\",\"name\":\"\u03a0\u03bf\u03bb\u03b9\u03c4\u03b9\u03c3\u03c4\u03b9\u03ba\u03cc\u03c2 \u03a3\u03cd\u03bb\u03bb\u03bf\u03b3\u03bf\u03c2 \u00ab\u0398\u03b5\u03cc\u03bb\u03bf\u03b3\u03bf\u03c2\u00bb\",\"alternateName\":\"\u03a0\u03bf\u03bb\u03b9\u03c4\u03b9\u03c3\u03c4\u03b9\u03ba\u03cc\u03c2 \u03a3\u03cd\u03bb\u03bb\u03bf\u03b3\u03bf\u03c2 \u00ab\u0398\u03b5\u03cc\u03bb\u03bf\u03b3\u03bf\u03c2\u00bb\",\"url\":\"https:\\\/\\\/theologos-culturalclub.com\\\/de\\\/\",\"logo\":{\"@type\":\"ImageObject\",\"inLanguage\":\"de\",\"@id\":\"https:\\\/\\\/theologos-culturalclub.com\\\/de\\\/#\\\/schema\\\/logo\\\/image\\\/\",\"url\":\"https:\\\/\\\/theologos-culturalclub.com\\\/wp-content\\\/uploads\\\/fmt-logo_696_2.png\",\"contentUrl\":\"https:\\\/\\\/theologos-culturalclub.com\\\/wp-content\\\/uploads\\\/fmt-logo_696_2.png\",\"width\":696,\"height\":696,\"caption\":\"\u03a0\u03bf\u03bb\u03b9\u03c4\u03b9\u03c3\u03c4\u03b9\u03ba\u03cc\u03c2 \u03a3\u03cd\u03bb\u03bb\u03bf\u03b3\u03bf\u03c2 \u00ab\u0398\u03b5\u03cc\u03bb\u03bf\u03b3\u03bf\u03c2\u00bb\"},\"image\":{\"@id\":\"https:\\\/\\\/theologos-culturalclub.com\\\/de\\\/#\\\/schema\\\/logo\\\/image\\\/\"}},{\"@type\":\"Person\",\"@id\":\"https:\\\/\\\/theologos-culturalclub.com\\\/de\\\/#\\\/schema\\\/person\\\/326b359b81e1b86119856f6664794610\",\"name\":\"Klaus Tuttlies\",\"image\":{\"@type\":\"ImageObject\",\"inLanguage\":\"de\",\"@id\":\"https:\\\/\\\/secure.gravatar.com\\\/avatar\\\/7c58e31a6aa412e5e3b5ec894a2065a10d849ec9f06d2d984c26ec409633a2e9?s=96&d=mm&r=g\",\"url\":\"https:\\\/\\\/secure.gravatar.com\\\/avatar\\\/7c58e31a6aa412e5e3b5ec894a2065a10d849ec9f06d2d984c26ec409633a2e9?s=96&d=mm&r=g\",\"contentUrl\":\"https:\\\/\\\/secure.gravatar.com\\\/avatar\\\/7c58e31a6aa412e5e3b5ec894a2065a10d849ec9f06d2d984c26ec409633a2e9?s=96&d=mm&r=g\",\"caption\":\"Klaus Tuttlies\"}}]}<\/script>\n<!-- \/ Yoast SEO plugin. -->","yoast_head_json":{"title":"\u201eAugust, Herr August\" - 2026 - theologos-culturalclub.com","description":"\u201eAugust, Herr August\" - 2026 - Kulturverein Theologos \u2013 \u0398\u03b5\u03bf\u03bb\u03cc\u03b3\u03bf\u03c2, \u0398\u03ac\u03c3\u03bf\u03c2","robots":{"index":"index","follow":"follow","max-snippet":"max-snippet:-1","max-image-preview":"max-image-preview:large","max-video-preview":"max-video-preview:-1"},"canonical":"https:\/\/theologos-culturalclub.com\/de\/august-herr-august\/","og_locale":"de_DE","og_type":"article","og_title":"\u201eAugust, Herr August\" - 2026 - theologos-culturalclub.com","og_description":"\u201eAugust, Herr August\" - 2026 - Kulturverein Theologos \u2013 \u0398\u03b5\u03bf\u03bb\u03cc\u03b3\u03bf\u03c2, \u0398\u03ac\u03c3\u03bf\u03c2","og_url":"https:\/\/theologos-culturalclub.com\/de\/august-herr-august\/","og_site_name":"theologos-culturalclub.com","article_published_time":"2026-08-03T21:46:01+00:00","article_modified_time":"2026-08-14T08:14:06+00:00","og_image":[{"width":2560,"height":1183,"url":"https:\/\/theologos-culturalclub.com\/wp-content\/uploads\/fmt_redaktion\/beitrag\/2026\/20260731_221556-scaled.jpg","type":"image\/jpeg"}],"author":"Klaus Tuttlies","twitter_misc":{"Verfasst von":"Klaus Tuttlies","Gesch\u00e4tzte Lesezeit":"2\u00a0Minuten"},"schema":{"@context":"https:\/\/schema.org","@graph":[{"@type":"Article","@id":"https:\/\/theologos-culturalclub.com\/de\/august-herr-august\/#article","isPartOf":{"@id":"https:\/\/theologos-culturalclub.com\/de\/august-herr-august\/"},"author":{"name":"Klaus Tuttlies","@id":"https:\/\/theologos-culturalclub.com\/de\/#\/schema\/person\/326b359b81e1b86119856f6664794610"},"headline":"\u201eAugust, Herr August&#8220; &#8211; 2026","datePublished":"2026-08-03T21:46:01+00:00","dateModified":"2026-08-14T08:14:06+00:00","mainEntityOfPage":{"@id":"https:\/\/theologos-culturalclub.com\/de\/august-herr-august\/"},"wordCount":367,"commentCount":0,"publisher":{"@id":"https:\/\/theologos-culturalclub.com\/de\/#organization"},"image":{"@id":"https:\/\/theologos-culturalclub.com\/de\/august-herr-august\/#primaryimage"},"thumbnailUrl":"https:\/\/theologos-culturalclub.com\/wp-content\/uploads\/fmt_redaktion\/beitrag\/2026\/20260731_221556-scaled.jpg","articleSection":["Unkategorisiert"],"inLanguage":"de","potentialAction":[{"@type":"CommentAction","name":"Comment","target":["https:\/\/theologos-culturalclub.com\/de\/august-herr-august\/#respond"]}]},{"@type":"WebPage","@id":"https:\/\/theologos-culturalclub.com\/de\/august-herr-august\/","url":"https:\/\/theologos-culturalclub.com\/de\/august-herr-august\/","name":"\u201eAugust, Herr August\" - 2026 - theologos-culturalclub.com","isPartOf":{"@id":"https:\/\/theologos-culturalclub.com\/de\/#website"},"primaryImageOfPage":{"@id":"https:\/\/theologos-culturalclub.com\/de\/august-herr-august\/#primaryimage"},"image":{"@id":"https:\/\/theologos-culturalclub.com\/de\/august-herr-august\/#primaryimage"},"thumbnailUrl":"https:\/\/theologos-culturalclub.com\/wp-content\/uploads\/fmt_redaktion\/beitrag\/2026\/20260731_221556-scaled.jpg","datePublished":"2026-08-03T21:46:01+00:00","dateModified":"2026-08-14T08:14:06+00:00","description":"\u201eAugust, Herr August\" - 2026 - Kulturverein Theologos \u2013 \u0398\u03b5\u03bf\u03bb\u03cc\u03b3\u03bf\u03c2, \u0398\u03ac\u03c3\u03bf\u03c2","breadcrumb":{"@id":"https:\/\/theologos-culturalclub.com\/de\/august-herr-august\/#breadcrumb"},"inLanguage":"de","potentialAction":[{"@type":"ReadAction","target":["https:\/\/theologos-culturalclub.com\/de\/august-herr-august\/"]}]},{"@type":"ImageObject","inLanguage":"de","@id":"https:\/\/theologos-culturalclub.com\/de\/august-herr-august\/#primaryimage","url":"https:\/\/theologos-culturalclub.com\/wp-content\/uploads\/fmt_redaktion\/beitrag\/2026\/20260731_221556-scaled.jpg","contentUrl":"https:\/\/theologos-culturalclub.com\/wp-content\/uploads\/fmt_redaktion\/beitrag\/2026\/20260731_221556-scaled.jpg","width":2560,"height":1183},{"@type":"BreadcrumbList","@id":"https:\/\/theologos-culturalclub.com\/de\/august-herr-august\/#breadcrumb","itemListElement":[{"@type":"ListItem","position":1,"name":"Start","item":"https:\/\/theologos-culturalclub.com\/de\/"},{"@type":"ListItem","position":2,"name":"\u201eAugust, Herr August&#8220; &#8211; 2026"}]},{"@type":"WebSite","@id":"https:\/\/theologos-culturalclub.com\/de\/#website","url":"https:\/\/theologos-culturalclub.com\/de\/","name":"\u03a0\u03bf\u03bb\u03b9\u03c4\u03b9\u03c3\u03c4\u03b9\u03ba\u03cc\u03c2 \u03a3\u03cd\u03bb\u03bb\u03bf\u03b3\u03bf\u03c2 \u00ab\u0398\u03b5\u03cc\u03bb\u03bf\u03b3\u03bf\u03c2\u00bb","description":"\u0391\u03c5\u03c4\u03ae \u03b5\u03af\u03bd\u03b1\u03b9 \u03b7 \u03b9\u03c3\u03c4\u03bf\u03c3\u03b5\u03bb\u03af\u03b4\u03b1 \u03c4\u03bf\u03c5 \u03a0\u03bf\u03bb\u03b9\u03c4\u03b9\u03c3\u03c4\u03b9\u03ba\u03bf\u03cd \u03a3\u03c5\u03bb\u03bb\u03cc\u03b3\u03bf\u03c5 \u00ab\u0398\u03b5\u03bf\u03bb\u03cc\u03b3\u03bf\u03c2\u00bb.","publisher":{"@id":"https:\/\/theologos-culturalclub.com\/de\/#organization"},"alternateName":"\u0391\u03c5\u03c4\u03ae \u03b5\u03af\u03bd\u03b1\u03b9 \u03b7 \u03b9\u03c3\u03c4\u03bf\u03c3\u03b5\u03bb\u03af\u03b4\u03b1 \u03c4\u03bf\u03c5 \u03a0\u03bf\u03bb\u03b9\u03c4\u03b9\u03c3\u03c4\u03b9\u03ba\u03bf\u03cd \u03a3\u03c5\u03bb\u03bb\u03cc\u03b3\u03bf\u03c5 \u00ab\u0398\u03b5\u03bf\u03bb\u03cc\u03b3\u03bf\u03c2\u00bb.","potentialAction":[{"@type":"SearchAction","target":{"@type":"EntryPoint","urlTemplate":"https:\/\/theologos-culturalclub.com\/de\/?s={search_term_string}"},"query-input":{"@type":"PropertyValueSpecification","valueRequired":true,"valueName":"search_term_string"}}],"inLanguage":"de"},{"@type":"Organization","@id":"https:\/\/theologos-culturalclub.com\/de\/#organization","name":"\u03a0\u03bf\u03bb\u03b9\u03c4\u03b9\u03c3\u03c4\u03b9\u03ba\u03cc\u03c2 \u03a3\u03cd\u03bb\u03bb\u03bf\u03b3\u03bf\u03c2 \u00ab\u0398\u03b5\u03cc\u03bb\u03bf\u03b3\u03bf\u03c2\u00bb","alternateName":"\u03a0\u03bf\u03bb\u03b9\u03c4\u03b9\u03c3\u03c4\u03b9\u03ba\u03cc\u03c2 \u03a3\u03cd\u03bb\u03bb\u03bf\u03b3\u03bf\u03c2 \u00ab\u0398\u03b5\u03cc\u03bb\u03bf\u03b3\u03bf\u03c2\u00bb","url":"https:\/\/theologos-culturalclub.com\/de\/","logo":{"@type":"ImageObject","inLanguage":"de","@id":"https:\/\/theologos-culturalclub.com\/de\/#\/schema\/logo\/image\/","url":"https:\/\/theologos-culturalclub.com\/wp-content\/uploads\/fmt-logo_696_2.png","contentUrl":"https:\/\/theologos-culturalclub.com\/wp-content\/uploads\/fmt-logo_696_2.png","width":696,"height":696,"caption":"\u03a0\u03bf\u03bb\u03b9\u03c4\u03b9\u03c3\u03c4\u03b9\u03ba\u03cc\u03c2 \u03a3\u03cd\u03bb\u03bb\u03bf\u03b3\u03bf\u03c2 \u00ab\u0398\u03b5\u03cc\u03bb\u03bf\u03b3\u03bf\u03c2\u00bb"},"image":{"@id":"https:\/\/theologos-culturalclub.com\/de\/#\/schema\/logo\/image\/"}},{"@type":"Person","@id":"https:\/\/theologos-culturalclub.com\/de\/#\/schema\/person\/326b359b81e1b86119856f6664794610","name":"Klaus Tuttlies","image":{"@type":"ImageObject","inLanguage":"de","@id":"https:\/\/secure.gravatar.com\/avatar\/7c58e31a6aa412e5e3b5ec894a2065a10d849ec9f06d2d984c26ec409633a2e9?s=96&d=mm&r=g","url":"https:\/\/secure.gravatar.com\/avatar\/7c58e31a6aa412e5e3b5ec894a2065a10d849ec9f06d2d984c26ec409633a2e9?s=96&d=mm&r=g","contentUrl":"https:\/\/secure.gravatar.com\/avatar\/7c58e31a6aa412e5e3b5ec894a2065a10d849ec9f06d2d984c26ec409633a2e9?s=96&d=mm&r=g","caption":"Klaus Tuttlies"}}]}},"_links":{"self":[{"href":"https:\/\/theologos-culturalclub.com\/de\/wp-json\/wp\/v2\/posts\/3128","targetHints":{"allow":["GET"]}}],"collection":[{"href":"https:\/\/theologos-culturalclub.com\/de\/wp-json\/wp\/v2\/posts"}],"about":[{"href":"https:\/\/theologos-culturalclub.com\/de\/wp-json\/wp\/v2\/types\/post"}],"author":[{"embeddable":true,"href":"https:\/\/theologos-culturalclub.com\/de\/wp-json\/wp\/v2\/users\/6"}],"replies":[{"embeddable":true,"href":"https:\/\/theologos-culturalclub.com\/de\/wp-json\/wp\/v2\/comments?post=3128"}],"version-history":[{"count":4,"href":"https:\/\/theologos-culturalclub.com\/de\/wp-json\/wp\/v2\/posts\/3128\/revisions"}],"predecessor-version":[{"id":3266,"href":"https:\/\/theologos-culturalclub.com\/de\/wp-json\/wp\/v2\/posts\/3128\/revisions\/3266"}],"wp:featuredmedia":[{"embeddable":true,"href":"https:\/\/theologos-culturalclub.com\/de\/wp-json\/wp\/v2\/media\/3129"}],"wp:attachment":[{"href":"https:\/\/theologos-culturalclub.com\/de\/wp-json\/wp\/v2\/media?parent=3128"}],"wp:term":[{"taxonomy":"category","embeddable":true,"href":"https:\/\/theologos-culturalclub.com\/de\/wp-json\/wp\/v2\/categories?post=3128"},{"taxonomy":"post_tag","embeddable":true,"href":"https:\/\/theologos-culturalclub.com\/de\/wp-json\/wp\/v2\/tags?post=3128"}],"curies":[{"name":"wp","href":"https:\/\/api.w.org\/{rel}","templated":true}]}}