{"id":2579,"date":"2026-07-27T15:18:48","date_gmt":"2026-07-27T12:18:48","guid":{"rendered":"https:\/\/theologos-culturalclub.com\/?p=2579"},"modified":"2026-07-30T16:08:36","modified_gmt":"2026-07-30T13:08:36","slug":"fuenfzig-jahre-kultureller-weg-und-beitrag","status":"publish","type":"post","link":"https:\/\/theologos-culturalclub.com\/de\/fuenfzig-jahre-kultureller-weg-und-beitrag\/","title":{"rendered":"Kulturverein \u201eChatzigiorgis&#8220; &#8211; F\u00fcnfzig Jahre kultureller Weg und Beitrag"},"content":{"rendered":"<h3 class=\"ql-align-center\"><strong>Kulturverein \u201eChatzigiorgis&#8220;<\/p>\n<p>F\u00fcnfzig Jahre kultureller Weg und Beitrag<\/strong><\/h3>\n<p class=\"ql-align-center\"><\/p>\n<p class=\"ql-align-justify\">Der Kulturverein \u201eChatzigiorgis&#8220; vollendet f\u00fcnfzig Jahre seines Bestehens. Dieses Jubil\u00e4um ist eine Gelegenheit, seinen Gr\u00fcndern Tribut zu zollen, ebenso wie all jenen, die durch ihren pers\u00f6nlichen Einsatz und ihre beharrlichen Bem\u00fchungen dazu beigetragen haben, dass der Verein im Laufe der Zeit lebendig und aktiv blieb.<\/p>\n<p class=\"ql-align-justify\">Von seiner Gr\u00fcndung bis heute haben Menschen jeden Alters, jeder auf seine eigene Weise, einen kleinen oder gr\u00f6\u00dferen Stein zu seinem Weg beigetragen. Dank dieser gemeinschaftlichen Anstrengung wurden zahlreiche Veranstaltungen und Aktivit\u00e4ten verwirklicht: manche zeichneten sich durch ihren Erfolg und ihren geistigen Wert aus, andere waren weniger beeindruckend. Alle jedoch sind Teil der Geschichte des Vereins.<\/p>\n<p class=\"ql-align-justify\">Mit seinen St\u00e4rken und Schw\u00e4chen, durch die Anstrengungen, Bem\u00fchungen und den Beitrag der Menschen, die durch seine Reihen gegangen sind, war \u201eChatzigiorgis&#8220; \u2014 sei es auch nur als ein kleiner Lichtstrahl \u2014 ein best\u00e4ndiger Tr\u00e4ger von Kultur und Geistigkeit in einem kleinen Dorf auf Thassos. Auf diesem gesamten Weg zeigte der Verein \u201ePr\u00e4senz&#8220; im Leben von Theologos und in dessen kulturellem Geschehen.<\/p>\n<p class=\"ql-align-justify\">Es w\u00e4re unm\u00f6glich, hier die gesamte Geschichte des Vereins und die Gesamtheit seiner T\u00e4tigkeit w\u00e4hrend dieser f\u00fcnfzig Jahre festzuhalten. Aus diesem Grund werden wir uns nur kurz auf einige der markantesten und bekanntesten Veranstaltungen und Aktivit\u00e4ten seines f\u00fcnfzigj\u00e4hrigen Weges beziehen.<\/p>\n<p class=\"ql-align-justify\">Diese Veranstaltungen stellen nur einen kleinen Teil der Gesamtt\u00e4tigkeit des Vereins dar. Viele andere Aktivit\u00e4ten, ebenso bedeutsam und wertvoll, erlangten entweder keine gro\u00dfe \u00d6ffentlichkeit oder blieben ihrer Natur nach eher fern vom Licht der \u00d6ffentlichkeit.<\/p>\n<p class=\"ql-align-justify\">Dazu z\u00e4hlen Aktivit\u00e4ten, die unser historisches Erbe, unsere Kultur, die Sauberkeit, die soziale Unterst\u00fctzung sowie die Kennzeichnung der Sehensw\u00fcrdigkeiten und historischen Wege des Dorfes betreffen, ebenso wie Initiativen zum Schutz und zur F\u00f6rderung der nat\u00fcrlichen Umwelt. In diesem Rahmen wurden auch Universit\u00e4tsprofessoren eingeladen, die Vortr\u00e4ge und informative Pr\u00e4sentationen \u00fcber die Natur, die Umwelt und die Grundwasserressourcen der Region von Theologos hielten.<\/p>\n<p class=\"ql-align-justify\">\u201eChatzigiorgis&#8220; bleibt also weiterhin pr\u00e4sent. Um Einheimischen und Besuchern in Erinnerung zu rufen, dass in Theologos Kultur existiert und lebt, jenseits des \u2014 rechtm\u00e4\u00dfigen, moralisch vertretbaren und legalen \u2014 Strebens nach touristischen Einnahmen.<\/p>\n<p class=\"ql-align-justify\">Denn so wichtig wirtschaftliche T\u00e4tigkeit auch sein mag, sollte es in der Seele eines jeden Menschen immer einen kleinen Spalt geben, durch den ein Strahl von Kultur, Kreativit\u00e4t und Initiative dringen kann. Eine gemeinschaftliche und einigende T\u00e4tigkeit, die weder auf pers\u00f6nliche Profilierung noch auf die Befriedigung individueller Interessen und Eigennutz abzielt, sondern auf die \u201eLebensatemz\u00fcge&#8220; eines Dorfes, das eine besondere Geschichte und eine schwere, wertvolle Vergangenheit in sich tr\u00e4gt.<\/p>\n<p class=\"ql-align-justify\">Eine Vergangenheit, die die Hilfe aller braucht, um lebendig erhalten und an die kommenden Generationen weitergegeben zu werden.<\/p>\n<p class=\"ql-align-justify\">Wir alle sind verpflichtet, \u201ePr\u00e4senz&#8220; zu zeigen, mit einem kleinen oder gro\u00dfen Beitrag, je nach den M\u00f6glichkeiten und der Bereitschaft jedes Einzelnen. Das einzig wirklich Ungerechte ist, wenn manche auf Distanz bleiben und sich auf Kritik beschr\u00e4nken: die Fehler anderer zu beurteilen, zu tadeln und zu verurteilen, dabei vergessend, dass nur diejenigen keine Fehler machen, die \u00fcberhaupt nichts tun.<\/p>\n<p class=\"ql-align-justify\">Vielleicht h\u00e4tte tats\u00e4chlich mehr erreicht werden k\u00f6nnen, wenn mehr Menschen mehr gegeben h\u00e4tten. Dies ist jedoch eine Frage, die jeder von uns pers\u00f6nlich, freiwillig und ehrlich sich selbst gegen\u00fcber beantworten muss:<\/p>\n<p class=\"ql-align-center\"><strong><em>\u201eWas habe ich getan?&#8220;<\/em><\/strong><\/p>\n<p class=\"ql-align-justify\">Eine Antwort, die wir letztlich alle zuallererst uns selbst schulden.<\/p>\n<p><\/p>\n","protected":false},"excerpt":{"rendered":"<p>Kulturverein \u201eChatzigiorgis&#8220; F\u00fcnfzig Jahre kultureller Weg und Beitrag Der Kulturverein \u201eChatzigiorgis&#8220; vollendet f\u00fcnfzig Jahre seines Bestehens. Dieses Jubil\u00e4um ist eine Gelegenheit, seinen Gr\u00fcndern Tribut zu zollen, ebenso wie all jenen, die durch ihren pers\u00f6nlichen Einsatz und ihre beharrlichen Bem\u00fchungen dazu beigetragen haben, dass der Verein im Laufe der Zeit lebendig und aktiv blieb. Von seiner [&hellip;]<\/p>\n","protected":false},"author":6,"featured_media":2581,"comment_status":"open","ping_status":"open","sticky":false,"template":"","format":"standard","meta":{"_acf_changed":false,"footnotes":""},"categories":[1],"tags":[],"class_list":["post-2579","post","type-post","status-publish","format-standard","has-post-thumbnail","hentry","category-unkategorisiert"],"acf":[],"yoast_head":"<!-- This site is optimized with the Yoast SEO plugin v28.3 - https:\/\/yoast.com\/product\/yoast-seo-wordpress\/ -->\n<title>Kulturverein \u201eChatzigiorgis&quot; - F\u00fcnfzig Jahre kultureller Weg und Beitrag - theologos-culturalclub.com<\/title>\n<meta name=\"description\" content=\"Kulturverein \u201eChatzigiorgis&quot; - F\u00fcnfzig Jahre kultureller Weg und Beitrag - Kulturverein Theologos \u2013 \u0398\u03b5\u03bf\u03bb\u03cc\u03b3\u03bf\u03c2, \u0398\u03ac\u03c3\u03bf\u03c2\" \/>\n<meta name=\"robots\" content=\"index, follow, max-snippet:-1, max-image-preview:large, max-video-preview:-1\" \/>\n<link rel=\"canonical\" href=\"https:\/\/theologos-culturalclub.com\/de\/fuenfzig-jahre-kultureller-weg-und-beitrag\/\" \/>\n<meta property=\"og:locale\" content=\"de_DE\" \/>\n<meta property=\"og:type\" content=\"article\" \/>\n<meta property=\"og:title\" content=\"Kulturverein \u201eChatzigiorgis&quot; - F\u00fcnfzig Jahre kultureller Weg und Beitrag - theologos-culturalclub.com\" \/>\n<meta property=\"og:description\" content=\"Kulturverein \u201eChatzigiorgis&quot; - F\u00fcnfzig Jahre kultureller Weg und Beitrag - Kulturverein Theologos \u2013 \u0398\u03b5\u03bf\u03bb\u03cc\u03b3\u03bf\u03c2, \u0398\u03ac\u03c3\u03bf\u03c2\" \/>\n<meta property=\"og:url\" content=\"https:\/\/theologos-culturalclub.com\/de\/fuenfzig-jahre-kultureller-weg-und-beitrag\/\" \/>\n<meta property=\"og:site_name\" content=\"theologos-culturalclub.com\" \/>\n<meta property=\"article:published_time\" content=\"2026-07-27T12:18:48+00:00\" \/>\n<meta property=\"article:modified_time\" content=\"2026-07-30T13:08:36+00:00\" \/>\n<meta property=\"og:image\" content=\"https:\/\/theologos-culturalclub.com\/wp-content\/uploads\/fmt_redaktion\/beitrag\/2026\/532924646_25031711983093555_6642765482961370029_n.jpg\" \/>\n\t<meta property=\"og:image:width\" content=\"1880\" \/>\n\t<meta property=\"og:image:height\" content=\"1576\" \/>\n\t<meta property=\"og:image:type\" content=\"image\/jpeg\" \/>\n<meta name=\"author\" content=\"Klaus Tuttlies\" \/>\n<meta name=\"twitter:label1\" content=\"Verfasst von\" \/>\n\t<meta name=\"twitter:data1\" content=\"Klaus Tuttlies\" \/>\n\t<meta name=\"twitter:label2\" content=\"Gesch\u00e4tzte Lesezeit\" \/>\n\t<meta name=\"twitter:data2\" content=\"3\u00a0Minuten\" \/>\n<script type=\"application\/ld+json\" class=\"yoast-schema-graph\">{\"@context\":\"https:\\\/\\\/schema.org\",\"@graph\":[{\"@type\":\"Article\",\"@id\":\"https:\\\/\\\/theologos-culturalclub.com\\\/de\\\/fuenfzig-jahre-kultureller-weg-und-beitrag\\\/#article\",\"isPartOf\":{\"@id\":\"https:\\\/\\\/theologos-culturalclub.com\\\/de\\\/fuenfzig-jahre-kultureller-weg-und-beitrag\\\/\"},\"author\":{\"name\":\"Klaus Tuttlies\",\"@id\":\"https:\\\/\\\/theologos-culturalclub.com\\\/de\\\/#\\\/schema\\\/person\\\/326b359b81e1b86119856f6664794610\"},\"headline\":\"Kulturverein \u201eChatzigiorgis&#8220; &#8211; F\u00fcnfzig Jahre kultureller Weg und Beitrag\",\"datePublished\":\"2026-07-27T12:18:48+00:00\",\"dateModified\":\"2026-07-30T13:08:36+00:00\",\"mainEntityOfPage\":{\"@id\":\"https:\\\/\\\/theologos-culturalclub.com\\\/de\\\/fuenfzig-jahre-kultureller-weg-und-beitrag\\\/\"},\"wordCount\":590,\"commentCount\":0,\"publisher\":{\"@id\":\"https:\\\/\\\/theologos-culturalclub.com\\\/de\\\/#organization\"},\"image\":{\"@id\":\"https:\\\/\\\/theologos-culturalclub.com\\\/de\\\/fuenfzig-jahre-kultureller-weg-und-beitrag\\\/#primaryimage\"},\"thumbnailUrl\":\"https:\\\/\\\/theologos-culturalclub.com\\\/wp-content\\\/uploads\\\/fmt_redaktion\\\/beitrag\\\/2026\\\/532924646_25031711983093555_6642765482961370029_n.jpg\",\"articleSection\":[\"Unkategorisiert\"],\"inLanguage\":\"de\",\"potentialAction\":[{\"@type\":\"CommentAction\",\"name\":\"Comment\",\"target\":[\"https:\\\/\\\/theologos-culturalclub.com\\\/de\\\/fuenfzig-jahre-kultureller-weg-und-beitrag\\\/#respond\"]}]},{\"@type\":\"WebPage\",\"@id\":\"https:\\\/\\\/theologos-culturalclub.com\\\/de\\\/fuenfzig-jahre-kultureller-weg-und-beitrag\\\/\",\"url\":\"https:\\\/\\\/theologos-culturalclub.com\\\/de\\\/fuenfzig-jahre-kultureller-weg-und-beitrag\\\/\",\"name\":\"Kulturverein \u201eChatzigiorgis\\\" - F\u00fcnfzig Jahre kultureller Weg und Beitrag - theologos-culturalclub.com\",\"isPartOf\":{\"@id\":\"https:\\\/\\\/theologos-culturalclub.com\\\/de\\\/#website\"},\"primaryImageOfPage\":{\"@id\":\"https:\\\/\\\/theologos-culturalclub.com\\\/de\\\/fuenfzig-jahre-kultureller-weg-und-beitrag\\\/#primaryimage\"},\"image\":{\"@id\":\"https:\\\/\\\/theologos-culturalclub.com\\\/de\\\/fuenfzig-jahre-kultureller-weg-und-beitrag\\\/#primaryimage\"},\"thumbnailUrl\":\"https:\\\/\\\/theologos-culturalclub.com\\\/wp-content\\\/uploads\\\/fmt_redaktion\\\/beitrag\\\/2026\\\/532924646_25031711983093555_6642765482961370029_n.jpg\",\"datePublished\":\"2026-07-27T12:18:48+00:00\",\"dateModified\":\"2026-07-30T13:08:36+00:00\",\"description\":\"Kulturverein \u201eChatzigiorgis\\\" - F\u00fcnfzig Jahre kultureller Weg und Beitrag - Kulturverein Theologos \u2013 \u0398\u03b5\u03bf\u03bb\u03cc\u03b3\u03bf\u03c2, \u0398\u03ac\u03c3\u03bf\u03c2\",\"breadcrumb\":{\"@id\":\"https:\\\/\\\/theologos-culturalclub.com\\\/de\\\/fuenfzig-jahre-kultureller-weg-und-beitrag\\\/#breadcrumb\"},\"inLanguage\":\"de\",\"potentialAction\":[{\"@type\":\"ReadAction\",\"target\":[\"https:\\\/\\\/theologos-culturalclub.com\\\/de\\\/fuenfzig-jahre-kultureller-weg-und-beitrag\\\/\"]}]},{\"@type\":\"ImageObject\",\"inLanguage\":\"de\",\"@id\":\"https:\\\/\\\/theologos-culturalclub.com\\\/de\\\/fuenfzig-jahre-kultureller-weg-und-beitrag\\\/#primaryimage\",\"url\":\"https:\\\/\\\/theologos-culturalclub.com\\\/wp-content\\\/uploads\\\/fmt_redaktion\\\/beitrag\\\/2026\\\/532924646_25031711983093555_6642765482961370029_n.jpg\",\"contentUrl\":\"https:\\\/\\\/theologos-culturalclub.com\\\/wp-content\\\/uploads\\\/fmt_redaktion\\\/beitrag\\\/2026\\\/532924646_25031711983093555_6642765482961370029_n.jpg\",\"width\":1880,\"height\":1576},{\"@type\":\"BreadcrumbList\",\"@id\":\"https:\\\/\\\/theologos-culturalclub.com\\\/de\\\/fuenfzig-jahre-kultureller-weg-und-beitrag\\\/#breadcrumb\",\"itemListElement\":[{\"@type\":\"ListItem\",\"position\":1,\"name\":\"Start\",\"item\":\"https:\\\/\\\/theologos-culturalclub.com\\\/de\\\/\"},{\"@type\":\"ListItem\",\"position\":2,\"name\":\"Kulturverein \u201eChatzigiorgis&#8220; &#8211; F\u00fcnfzig Jahre kultureller Weg und Beitrag\"}]},{\"@type\":\"WebSite\",\"@id\":\"https:\\\/\\\/theologos-culturalclub.com\\\/de\\\/#website\",\"url\":\"https:\\\/\\\/theologos-culturalclub.com\\\/de\\\/\",\"name\":\"\u03a0\u03bf\u03bb\u03b9\u03c4\u03b9\u03c3\u03c4\u03b9\u03ba\u03cc\u03c2 \u03a3\u03cd\u03bb\u03bb\u03bf\u03b3\u03bf\u03c2 \u00ab\u0398\u03b5\u03cc\u03bb\u03bf\u03b3\u03bf\u03c2\u00bb\",\"description\":\"\u0391\u03c5\u03c4\u03ae \u03b5\u03af\u03bd\u03b1\u03b9 \u03b7 \u03b9\u03c3\u03c4\u03bf\u03c3\u03b5\u03bb\u03af\u03b4\u03b1 \u03c4\u03bf\u03c5 \u03a0\u03bf\u03bb\u03b9\u03c4\u03b9\u03c3\u03c4\u03b9\u03ba\u03bf\u03cd \u03a3\u03c5\u03bb\u03bb\u03cc\u03b3\u03bf\u03c5 \u00ab\u0398\u03b5\u03bf\u03bb\u03cc\u03b3\u03bf\u03c2\u00bb.\",\"publisher\":{\"@id\":\"https:\\\/\\\/theologos-culturalclub.com\\\/de\\\/#organization\"},\"alternateName\":\"\u0391\u03c5\u03c4\u03ae \u03b5\u03af\u03bd\u03b1\u03b9 \u03b7 \u03b9\u03c3\u03c4\u03bf\u03c3\u03b5\u03bb\u03af\u03b4\u03b1 \u03c4\u03bf\u03c5 \u03a0\u03bf\u03bb\u03b9\u03c4\u03b9\u03c3\u03c4\u03b9\u03ba\u03bf\u03cd \u03a3\u03c5\u03bb\u03bb\u03cc\u03b3\u03bf\u03c5 \u00ab\u0398\u03b5\u03bf\u03bb\u03cc\u03b3\u03bf\u03c2\u00bb.\",\"potentialAction\":[{\"@type\":\"SearchAction\",\"target\":{\"@type\":\"EntryPoint\",\"urlTemplate\":\"https:\\\/\\\/theologos-culturalclub.com\\\/de\\\/?s={search_term_string}\"},\"query-input\":{\"@type\":\"PropertyValueSpecification\",\"valueRequired\":true,\"valueName\":\"search_term_string\"}}],\"inLanguage\":\"de\"},{\"@type\":\"Organization\",\"@id\":\"https:\\\/\\\/theologos-culturalclub.com\\\/de\\\/#organization\",\"name\":\"\u03a0\u03bf\u03bb\u03b9\u03c4\u03b9\u03c3\u03c4\u03b9\u03ba\u03cc\u03c2 \u03a3\u03cd\u03bb\u03bb\u03bf\u03b3\u03bf\u03c2 \u00ab\u0398\u03b5\u03cc\u03bb\u03bf\u03b3\u03bf\u03c2\u00bb\",\"alternateName\":\"\u03a0\u03bf\u03bb\u03b9\u03c4\u03b9\u03c3\u03c4\u03b9\u03ba\u03cc\u03c2 \u03a3\u03cd\u03bb\u03bb\u03bf\u03b3\u03bf\u03c2 \u00ab\u0398\u03b5\u03cc\u03bb\u03bf\u03b3\u03bf\u03c2\u00bb\",\"url\":\"https:\\\/\\\/theologos-culturalclub.com\\\/de\\\/\",\"logo\":{\"@type\":\"ImageObject\",\"inLanguage\":\"de\",\"@id\":\"https:\\\/\\\/theologos-culturalclub.com\\\/de\\\/#\\\/schema\\\/logo\\\/image\\\/\",\"url\":\"https:\\\/\\\/theologos-culturalclub.com\\\/wp-content\\\/uploads\\\/fmt-logo_696_2.png\",\"contentUrl\":\"https:\\\/\\\/theologos-culturalclub.com\\\/wp-content\\\/uploads\\\/fmt-logo_696_2.png\",\"width\":696,\"height\":696,\"caption\":\"\u03a0\u03bf\u03bb\u03b9\u03c4\u03b9\u03c3\u03c4\u03b9\u03ba\u03cc\u03c2 \u03a3\u03cd\u03bb\u03bb\u03bf\u03b3\u03bf\u03c2 \u00ab\u0398\u03b5\u03cc\u03bb\u03bf\u03b3\u03bf\u03c2\u00bb\"},\"image\":{\"@id\":\"https:\\\/\\\/theologos-culturalclub.com\\\/de\\\/#\\\/schema\\\/logo\\\/image\\\/\"}},{\"@type\":\"Person\",\"@id\":\"https:\\\/\\\/theologos-culturalclub.com\\\/de\\\/#\\\/schema\\\/person\\\/326b359b81e1b86119856f6664794610\",\"name\":\"Klaus Tuttlies\",\"image\":{\"@type\":\"ImageObject\",\"inLanguage\":\"de\",\"@id\":\"https:\\\/\\\/secure.gravatar.com\\\/avatar\\\/7c58e31a6aa412e5e3b5ec894a2065a10d849ec9f06d2d984c26ec409633a2e9?s=96&d=mm&r=g\",\"url\":\"https:\\\/\\\/secure.gravatar.com\\\/avatar\\\/7c58e31a6aa412e5e3b5ec894a2065a10d849ec9f06d2d984c26ec409633a2e9?s=96&d=mm&r=g\",\"contentUrl\":\"https:\\\/\\\/secure.gravatar.com\\\/avatar\\\/7c58e31a6aa412e5e3b5ec894a2065a10d849ec9f06d2d984c26ec409633a2e9?s=96&d=mm&r=g\",\"caption\":\"Klaus Tuttlies\"}}]}<\/script>\n<!-- \/ Yoast SEO plugin. -->","yoast_head_json":{"title":"Kulturverein \u201eChatzigiorgis\" - F\u00fcnfzig Jahre kultureller Weg und Beitrag - theologos-culturalclub.com","description":"Kulturverein \u201eChatzigiorgis\" - F\u00fcnfzig Jahre kultureller Weg und Beitrag - Kulturverein Theologos \u2013 \u0398\u03b5\u03bf\u03bb\u03cc\u03b3\u03bf\u03c2, \u0398\u03ac\u03c3\u03bf\u03c2","robots":{"index":"index","follow":"follow","max-snippet":"max-snippet:-1","max-image-preview":"max-image-preview:large","max-video-preview":"max-video-preview:-1"},"canonical":"https:\/\/theologos-culturalclub.com\/de\/fuenfzig-jahre-kultureller-weg-und-beitrag\/","og_locale":"de_DE","og_type":"article","og_title":"Kulturverein \u201eChatzigiorgis\" - F\u00fcnfzig Jahre kultureller Weg und Beitrag - theologos-culturalclub.com","og_description":"Kulturverein \u201eChatzigiorgis\" - F\u00fcnfzig Jahre kultureller Weg und Beitrag - Kulturverein Theologos \u2013 \u0398\u03b5\u03bf\u03bb\u03cc\u03b3\u03bf\u03c2, \u0398\u03ac\u03c3\u03bf\u03c2","og_url":"https:\/\/theologos-culturalclub.com\/de\/fuenfzig-jahre-kultureller-weg-und-beitrag\/","og_site_name":"theologos-culturalclub.com","article_published_time":"2026-07-27T12:18:48+00:00","article_modified_time":"2026-07-30T13:08:36+00:00","og_image":[{"width":1880,"height":1576,"url":"https:\/\/theologos-culturalclub.com\/wp-content\/uploads\/fmt_redaktion\/beitrag\/2026\/532924646_25031711983093555_6642765482961370029_n.jpg","type":"image\/jpeg"}],"author":"Klaus Tuttlies","twitter_misc":{"Verfasst von":"Klaus Tuttlies","Gesch\u00e4tzte Lesezeit":"3\u00a0Minuten"},"schema":{"@context":"https:\/\/schema.org","@graph":[{"@type":"Article","@id":"https:\/\/theologos-culturalclub.com\/de\/fuenfzig-jahre-kultureller-weg-und-beitrag\/#article","isPartOf":{"@id":"https:\/\/theologos-culturalclub.com\/de\/fuenfzig-jahre-kultureller-weg-und-beitrag\/"},"author":{"name":"Klaus Tuttlies","@id":"https:\/\/theologos-culturalclub.com\/de\/#\/schema\/person\/326b359b81e1b86119856f6664794610"},"headline":"Kulturverein \u201eChatzigiorgis&#8220; &#8211; F\u00fcnfzig Jahre kultureller Weg und Beitrag","datePublished":"2026-07-27T12:18:48+00:00","dateModified":"2026-07-30T13:08:36+00:00","mainEntityOfPage":{"@id":"https:\/\/theologos-culturalclub.com\/de\/fuenfzig-jahre-kultureller-weg-und-beitrag\/"},"wordCount":590,"commentCount":0,"publisher":{"@id":"https:\/\/theologos-culturalclub.com\/de\/#organization"},"image":{"@id":"https:\/\/theologos-culturalclub.com\/de\/fuenfzig-jahre-kultureller-weg-und-beitrag\/#primaryimage"},"thumbnailUrl":"https:\/\/theologos-culturalclub.com\/wp-content\/uploads\/fmt_redaktion\/beitrag\/2026\/532924646_25031711983093555_6642765482961370029_n.jpg","articleSection":["Unkategorisiert"],"inLanguage":"de","potentialAction":[{"@type":"CommentAction","name":"Comment","target":["https:\/\/theologos-culturalclub.com\/de\/fuenfzig-jahre-kultureller-weg-und-beitrag\/#respond"]}]},{"@type":"WebPage","@id":"https:\/\/theologos-culturalclub.com\/de\/fuenfzig-jahre-kultureller-weg-und-beitrag\/","url":"https:\/\/theologos-culturalclub.com\/de\/fuenfzig-jahre-kultureller-weg-und-beitrag\/","name":"Kulturverein \u201eChatzigiorgis\" - F\u00fcnfzig Jahre kultureller Weg und Beitrag - theologos-culturalclub.com","isPartOf":{"@id":"https:\/\/theologos-culturalclub.com\/de\/#website"},"primaryImageOfPage":{"@id":"https:\/\/theologos-culturalclub.com\/de\/fuenfzig-jahre-kultureller-weg-und-beitrag\/#primaryimage"},"image":{"@id":"https:\/\/theologos-culturalclub.com\/de\/fuenfzig-jahre-kultureller-weg-und-beitrag\/#primaryimage"},"thumbnailUrl":"https:\/\/theologos-culturalclub.com\/wp-content\/uploads\/fmt_redaktion\/beitrag\/2026\/532924646_25031711983093555_6642765482961370029_n.jpg","datePublished":"2026-07-27T12:18:48+00:00","dateModified":"2026-07-30T13:08:36+00:00","description":"Kulturverein \u201eChatzigiorgis\" - F\u00fcnfzig Jahre kultureller Weg und Beitrag - Kulturverein Theologos \u2013 \u0398\u03b5\u03bf\u03bb\u03cc\u03b3\u03bf\u03c2, \u0398\u03ac\u03c3\u03bf\u03c2","breadcrumb":{"@id":"https:\/\/theologos-culturalclub.com\/de\/fuenfzig-jahre-kultureller-weg-und-beitrag\/#breadcrumb"},"inLanguage":"de","potentialAction":[{"@type":"ReadAction","target":["https:\/\/theologos-culturalclub.com\/de\/fuenfzig-jahre-kultureller-weg-und-beitrag\/"]}]},{"@type":"ImageObject","inLanguage":"de","@id":"https:\/\/theologos-culturalclub.com\/de\/fuenfzig-jahre-kultureller-weg-und-beitrag\/#primaryimage","url":"https:\/\/theologos-culturalclub.com\/wp-content\/uploads\/fmt_redaktion\/beitrag\/2026\/532924646_25031711983093555_6642765482961370029_n.jpg","contentUrl":"https:\/\/theologos-culturalclub.com\/wp-content\/uploads\/fmt_redaktion\/beitrag\/2026\/532924646_25031711983093555_6642765482961370029_n.jpg","width":1880,"height":1576},{"@type":"BreadcrumbList","@id":"https:\/\/theologos-culturalclub.com\/de\/fuenfzig-jahre-kultureller-weg-und-beitrag\/#breadcrumb","itemListElement":[{"@type":"ListItem","position":1,"name":"Start","item":"https:\/\/theologos-culturalclub.com\/de\/"},{"@type":"ListItem","position":2,"name":"Kulturverein \u201eChatzigiorgis&#8220; &#8211; F\u00fcnfzig Jahre kultureller Weg und Beitrag"}]},{"@type":"WebSite","@id":"https:\/\/theologos-culturalclub.com\/de\/#website","url":"https:\/\/theologos-culturalclub.com\/de\/","name":"\u03a0\u03bf\u03bb\u03b9\u03c4\u03b9\u03c3\u03c4\u03b9\u03ba\u03cc\u03c2 \u03a3\u03cd\u03bb\u03bb\u03bf\u03b3\u03bf\u03c2 \u00ab\u0398\u03b5\u03cc\u03bb\u03bf\u03b3\u03bf\u03c2\u00bb","description":"\u0391\u03c5\u03c4\u03ae \u03b5\u03af\u03bd\u03b1\u03b9 \u03b7 \u03b9\u03c3\u03c4\u03bf\u03c3\u03b5\u03bb\u03af\u03b4\u03b1 \u03c4\u03bf\u03c5 \u03a0\u03bf\u03bb\u03b9\u03c4\u03b9\u03c3\u03c4\u03b9\u03ba\u03bf\u03cd \u03a3\u03c5\u03bb\u03bb\u03cc\u03b3\u03bf\u03c5 \u00ab\u0398\u03b5\u03bf\u03bb\u03cc\u03b3\u03bf\u03c2\u00bb.","publisher":{"@id":"https:\/\/theologos-culturalclub.com\/de\/#organization"},"alternateName":"\u0391\u03c5\u03c4\u03ae \u03b5\u03af\u03bd\u03b1\u03b9 \u03b7 \u03b9\u03c3\u03c4\u03bf\u03c3\u03b5\u03bb\u03af\u03b4\u03b1 \u03c4\u03bf\u03c5 \u03a0\u03bf\u03bb\u03b9\u03c4\u03b9\u03c3\u03c4\u03b9\u03ba\u03bf\u03cd \u03a3\u03c5\u03bb\u03bb\u03cc\u03b3\u03bf\u03c5 \u00ab\u0398\u03b5\u03bf\u03bb\u03cc\u03b3\u03bf\u03c2\u00bb.","potentialAction":[{"@type":"SearchAction","target":{"@type":"EntryPoint","urlTemplate":"https:\/\/theologos-culturalclub.com\/de\/?s={search_term_string}"},"query-input":{"@type":"PropertyValueSpecification","valueRequired":true,"valueName":"search_term_string"}}],"inLanguage":"de"},{"@type":"Organization","@id":"https:\/\/theologos-culturalclub.com\/de\/#organization","name":"\u03a0\u03bf\u03bb\u03b9\u03c4\u03b9\u03c3\u03c4\u03b9\u03ba\u03cc\u03c2 \u03a3\u03cd\u03bb\u03bb\u03bf\u03b3\u03bf\u03c2 \u00ab\u0398\u03b5\u03cc\u03bb\u03bf\u03b3\u03bf\u03c2\u00bb","alternateName":"\u03a0\u03bf\u03bb\u03b9\u03c4\u03b9\u03c3\u03c4\u03b9\u03ba\u03cc\u03c2 \u03a3\u03cd\u03bb\u03bb\u03bf\u03b3\u03bf\u03c2 \u00ab\u0398\u03b5\u03cc\u03bb\u03bf\u03b3\u03bf\u03c2\u00bb","url":"https:\/\/theologos-culturalclub.com\/de\/","logo":{"@type":"ImageObject","inLanguage":"de","@id":"https:\/\/theologos-culturalclub.com\/de\/#\/schema\/logo\/image\/","url":"https:\/\/theologos-culturalclub.com\/wp-content\/uploads\/fmt-logo_696_2.png","contentUrl":"https:\/\/theologos-culturalclub.com\/wp-content\/uploads\/fmt-logo_696_2.png","width":696,"height":696,"caption":"\u03a0\u03bf\u03bb\u03b9\u03c4\u03b9\u03c3\u03c4\u03b9\u03ba\u03cc\u03c2 \u03a3\u03cd\u03bb\u03bb\u03bf\u03b3\u03bf\u03c2 \u00ab\u0398\u03b5\u03cc\u03bb\u03bf\u03b3\u03bf\u03c2\u00bb"},"image":{"@id":"https:\/\/theologos-culturalclub.com\/de\/#\/schema\/logo\/image\/"}},{"@type":"Person","@id":"https:\/\/theologos-culturalclub.com\/de\/#\/schema\/person\/326b359b81e1b86119856f6664794610","name":"Klaus Tuttlies","image":{"@type":"ImageObject","inLanguage":"de","@id":"https:\/\/secure.gravatar.com\/avatar\/7c58e31a6aa412e5e3b5ec894a2065a10d849ec9f06d2d984c26ec409633a2e9?s=96&d=mm&r=g","url":"https:\/\/secure.gravatar.com\/avatar\/7c58e31a6aa412e5e3b5ec894a2065a10d849ec9f06d2d984c26ec409633a2e9?s=96&d=mm&r=g","contentUrl":"https:\/\/secure.gravatar.com\/avatar\/7c58e31a6aa412e5e3b5ec894a2065a10d849ec9f06d2d984c26ec409633a2e9?s=96&d=mm&r=g","caption":"Klaus Tuttlies"}}]}},"_links":{"self":[{"href":"https:\/\/theologos-culturalclub.com\/de\/wp-json\/wp\/v2\/posts\/2579","targetHints":{"allow":["GET"]}}],"collection":[{"href":"https:\/\/theologos-culturalclub.com\/de\/wp-json\/wp\/v2\/posts"}],"about":[{"href":"https:\/\/theologos-culturalclub.com\/de\/wp-json\/wp\/v2\/types\/post"}],"author":[{"embeddable":true,"href":"https:\/\/theologos-culturalclub.com\/de\/wp-json\/wp\/v2\/users\/6"}],"replies":[{"embeddable":true,"href":"https:\/\/theologos-culturalclub.com\/de\/wp-json\/wp\/v2\/comments?post=2579"}],"version-history":[{"count":3,"href":"https:\/\/theologos-culturalclub.com\/de\/wp-json\/wp\/v2\/posts\/2579\/revisions"}],"predecessor-version":[{"id":2964,"href":"https:\/\/theologos-culturalclub.com\/de\/wp-json\/wp\/v2\/posts\/2579\/revisions\/2964"}],"wp:featuredmedia":[{"embeddable":true,"href":"https:\/\/theologos-culturalclub.com\/de\/wp-json\/wp\/v2\/media\/2581"}],"wp:attachment":[{"href":"https:\/\/theologos-culturalclub.com\/de\/wp-json\/wp\/v2\/media?parent=2579"}],"wp:term":[{"taxonomy":"category","embeddable":true,"href":"https:\/\/theologos-culturalclub.com\/de\/wp-json\/wp\/v2\/categories?post=2579"},{"taxonomy":"post_tag","embeddable":true,"href":"https:\/\/theologos-culturalclub.com\/de\/wp-json\/wp\/v2\/tags?post=2579"}],"curies":[{"name":"wp","href":"https:\/\/api.w.org\/{rel}","templated":true}]}}