{"id":2301,"date":"2026-07-18T11:17:54","date_gmt":"2026-07-18T09:17:54","guid":{"rendered":"https:\/\/theologos-culturalclub.com\/?p=2301"},"modified":"2026-07-19T22:36:43","modified_gmt":"2026-07-19T19:36:43","slug":"der-historische-pfad-in-theologos-bekommt-ein-neues-gesicht","status":"publish","type":"post","link":"https:\/\/theologos-culturalclub.com\/de\/der-historische-pfad-in-theologos-bekommt-ein-neues-gesicht\/","title":{"rendered":"Der historische Pfad in neuem Gewand"},"content":{"rendered":"<p>Wer in Theologos von der alten Steinbr\u00fccke aufbricht und dem Pfad hinauf<br \/>\nzu den Platanen von Agios Ioannis folgt, geht durch ein St\u00fcck gelebte<br \/>\nDorfgeschichte. Wasserm\u00fchlen, Trockenmauern, schattige Rastpl\u00e4tze \u2014 vieles<br \/>\ndavon ist \u00fcber Generationen entstanden. Und vieles davon braucht Pflege,<br \/>\ndamit es nicht verloren geht.<\/p>\n<p>Der Kulturverein Theologos-Potos \u201eChatzigiorgis&#8220; hat diesen Abschnitt in<br \/>\nden vergangenen Wochen umfassend hergerichtet. Ziel war es, den Weg wieder<br \/>\ngut begehbar, sicher und ansehnlich zu machen \u2014 f\u00fcr die Menschen im Dorf<br \/>\nebenso wie f\u00fcr unsere G\u00e4ste.<\/p>\n<h3>Was gemacht wurde<\/h3>\n<ul>\n<li><strong>Freilegen des Weges:<\/strong> Der gesamte Pfad und sein Umfeld<br \/>\n      bis hinauf zu den Platanen wurden von Bewuchs und Unrat befreit.<\/li>\n<li><strong>Trockenmauern:<\/strong> Die alten Steinterrassen am Wegrand<br \/>\n      wurden ausgebessert.<\/li>\n<li><strong>Holzarbeiten:<\/strong> Die Holzbr\u00fccke und die Rastb\u00e4nke sind<br \/>\n      saniert und neu gestrichen.<\/li>\n<li><strong>Die alte M\u00fchle:<\/strong> Der Steinbogen der M\u00fchle Riga wurde<br \/>\n      wiederhergestellt, der Wasserkanal dar\u00fcber gereinigt.<\/li>\n<li><strong>Sicherer Zugang:<\/strong> Zu den Becken von Kefalogourna<br \/>\n      f\u00fchrt eine neu gebaute Treppe; Schutzgel\u00e4nder wurden erg\u00e4nzt und die<br \/>\n      vorhandenen gewartet.<\/li>\n<\/ul>\n<p>Besonders am Herzen lag uns der Steinbogen der M\u00fchle Riga. Solche Bauten<br \/>\nerz\u00e4hlen davon, wie im Dorf einmal gearbeitet wurde \u2014 und sie verschwinden<br \/>\nstill, wenn sich niemand um sie k\u00fcmmert.<\/p>\n<h3>Eine Aufgabe, die nicht endet<\/h3>\n<p>Die Pfade und Naturpl\u00e4tze rund um Theologos zu erhalten, ist keine Arbeit,<br \/>\ndie man einmal erledigt und dann abhakt. Wind, Regen und Bewuchs holen sich<br \/>\nzur\u00fcck, was man ihnen abgerungen hat. Der Verein sieht die Pflege dieser Orte<br \/>\ndeshalb als dauerhafte Aufgabe \u2014 damit sie nutzbar und zug\u00e4nglich bleiben und<br \/>\nder Weg dorthin sicher ist.<\/p>\n<p>Wer das Ergebnis sehen m\u00f6chte: Der Pfad beginnt an der Steinbr\u00fccke. Gutes<br \/>\nSchuhwerk lohnt sich, Zeit zum Verweilen unter den Platanen ebenso.<\/p>\n<p><\/p>\n<p><em>Quelle: <a href=\"https:\/\/www.kavalanews.gr\/60792-allazei-opsi-istoriko-monopati-theologo-protovoylia-syllogoy-hatzigiorgis.html\" target=\"_blank\" rel=\"noopener\">kavalanews.gr<\/a>, 14. Juli 2026<\/em><\/p>\n<p>&#8222;`<\/p>\n","protected":false},"excerpt":{"rendered":"<p>Wer in Theologos von der alten Steinbr\u00fccke aufbricht und dem Pfad hinauf zu den Platanen von Agios Ioannis folgt, geht durch ein St\u00fcck gelebte Dorfgeschichte. Wasserm\u00fchlen, Trockenmauern, schattige Rastpl\u00e4tze \u2014 vieles davon ist \u00fcber Generationen entstanden. Und vieles davon braucht Pflege, damit es nicht verloren geht. Der Kulturverein Theologos-Potos \u201eChatzigiorgis&#8220; hat diesen Abschnitt in den [&hellip;]<\/p>\n","protected":false},"author":6,"featured_media":2302,"comment_status":"open","ping_status":"open","sticky":false,"template":"","format":"standard","meta":{"_acf_changed":false,"footnotes":""},"categories":[1],"tags":[],"class_list":["post-2301","post","type-post","status-publish","format-standard","has-post-thumbnail","hentry","category-unkategorisiert"],"acf":[],"yoast_head":"<!-- This site is optimized with the Yoast SEO plugin v28.3 - https:\/\/yoast.com\/product\/yoast-seo-wordpress\/ -->\n<title>Der historische Pfad in neuem Gewand - theologos-culturalclub.com<\/title>\n<meta name=\"description\" content=\"Der historische Pfad in neuem Gewand - Kulturverein Theologos \u2013 \u0398\u03b5\u03bf\u03bb\u03cc\u03b3\u03bf\u03c2, \u0398\u03ac\u03c3\u03bf\u03c2\" \/>\n<meta name=\"robots\" content=\"index, follow, max-snippet:-1, max-image-preview:large, max-video-preview:-1\" \/>\n<link rel=\"canonical\" href=\"https:\/\/theologos-culturalclub.com\/de\/der-historische-pfad-in-theologos-bekommt-ein-neues-gesicht\/\" \/>\n<meta property=\"og:locale\" content=\"de_DE\" \/>\n<meta property=\"og:type\" content=\"article\" \/>\n<meta property=\"og:title\" content=\"Der historische Pfad in neuem Gewand - theologos-culturalclub.com\" \/>\n<meta property=\"og:description\" content=\"Der historische Pfad in neuem Gewand - Kulturverein Theologos \u2013 \u0398\u03b5\u03bf\u03bb\u03cc\u03b3\u03bf\u03c2, \u0398\u03ac\u03c3\u03bf\u03c2\" \/>\n<meta property=\"og:url\" content=\"https:\/\/theologos-culturalclub.com\/de\/der-historische-pfad-in-theologos-bekommt-ein-neues-gesicht\/\" \/>\n<meta property=\"og:site_name\" content=\"theologos-culturalclub.com\" \/>\n<meta property=\"article:published_time\" content=\"2026-07-18T09:17:54+00:00\" \/>\n<meta property=\"article:modified_time\" content=\"2026-07-19T19:36:43+00:00\" \/>\n<meta property=\"og:image\" content=\"https:\/\/theologos-culturalclub.com\/wp-content\/uploads\/fmt_redaktion\/beitrag\/2026\/kavalanews_14072026_img1.png\" \/>\n\t<meta property=\"og:image:width\" content=\"596\" \/>\n\t<meta property=\"og:image:height\" content=\"505\" \/>\n\t<meta property=\"og:image:type\" content=\"image\/png\" \/>\n<meta name=\"author\" content=\"Klaus Tuttlies\" \/>\n<meta name=\"twitter:label1\" content=\"Verfasst von\" \/>\n\t<meta name=\"twitter:data1\" content=\"Klaus Tuttlies\" \/>\n\t<meta name=\"twitter:label2\" content=\"Gesch\u00e4tzte Lesezeit\" \/>\n\t<meta name=\"twitter:data2\" content=\"1\u00a0Minute\" \/>\n<script type=\"application\/ld+json\" class=\"yoast-schema-graph\">{\"@context\":\"https:\\\/\\\/schema.org\",\"@graph\":[{\"@type\":\"Article\",\"@id\":\"https:\\\/\\\/theologos-culturalclub.com\\\/de\\\/der-historische-pfad-in-theologos-bekommt-ein-neues-gesicht\\\/#article\",\"isPartOf\":{\"@id\":\"https:\\\/\\\/theologos-culturalclub.com\\\/de\\\/der-historische-pfad-in-theologos-bekommt-ein-neues-gesicht\\\/\"},\"author\":{\"name\":\"Klaus Tuttlies\",\"@id\":\"https:\\\/\\\/theologos-culturalclub.com\\\/de\\\/#\\\/schema\\\/person\\\/326b359b81e1b86119856f6664794610\"},\"headline\":\"Der historische Pfad in neuem Gewand\",\"datePublished\":\"2026-07-18T09:17:54+00:00\",\"dateModified\":\"2026-07-19T19:36:43+00:00\",\"mainEntityOfPage\":{\"@id\":\"https:\\\/\\\/theologos-culturalclub.com\\\/de\\\/der-historische-pfad-in-theologos-bekommt-ein-neues-gesicht\\\/\"},\"wordCount\":300,\"commentCount\":0,\"publisher\":{\"@id\":\"https:\\\/\\\/theologos-culturalclub.com\\\/de\\\/#organization\"},\"image\":{\"@id\":\"https:\\\/\\\/theologos-culturalclub.com\\\/de\\\/der-historische-pfad-in-theologos-bekommt-ein-neues-gesicht\\\/#primaryimage\"},\"thumbnailUrl\":\"https:\\\/\\\/theologos-culturalclub.com\\\/wp-content\\\/uploads\\\/fmt_redaktion\\\/beitrag\\\/2026\\\/kavalanews_14072026_img1.png\",\"articleSection\":[\"Unkategorisiert\"],\"inLanguage\":\"de\",\"potentialAction\":[{\"@type\":\"CommentAction\",\"name\":\"Comment\",\"target\":[\"https:\\\/\\\/theologos-culturalclub.com\\\/de\\\/der-historische-pfad-in-theologos-bekommt-ein-neues-gesicht\\\/#respond\"]}]},{\"@type\":\"WebPage\",\"@id\":\"https:\\\/\\\/theologos-culturalclub.com\\\/de\\\/der-historische-pfad-in-theologos-bekommt-ein-neues-gesicht\\\/\",\"url\":\"https:\\\/\\\/theologos-culturalclub.com\\\/de\\\/der-historische-pfad-in-theologos-bekommt-ein-neues-gesicht\\\/\",\"name\":\"Der historische Pfad in neuem Gewand - theologos-culturalclub.com\",\"isPartOf\":{\"@id\":\"https:\\\/\\\/theologos-culturalclub.com\\\/de\\\/#website\"},\"primaryImageOfPage\":{\"@id\":\"https:\\\/\\\/theologos-culturalclub.com\\\/de\\\/der-historische-pfad-in-theologos-bekommt-ein-neues-gesicht\\\/#primaryimage\"},\"image\":{\"@id\":\"https:\\\/\\\/theologos-culturalclub.com\\\/de\\\/der-historische-pfad-in-theologos-bekommt-ein-neues-gesicht\\\/#primaryimage\"},\"thumbnailUrl\":\"https:\\\/\\\/theologos-culturalclub.com\\\/wp-content\\\/uploads\\\/fmt_redaktion\\\/beitrag\\\/2026\\\/kavalanews_14072026_img1.png\",\"datePublished\":\"2026-07-18T09:17:54+00:00\",\"dateModified\":\"2026-07-19T19:36:43+00:00\",\"description\":\"Der historische Pfad in neuem Gewand - Kulturverein Theologos \u2013 \u0398\u03b5\u03bf\u03bb\u03cc\u03b3\u03bf\u03c2, \u0398\u03ac\u03c3\u03bf\u03c2\",\"breadcrumb\":{\"@id\":\"https:\\\/\\\/theologos-culturalclub.com\\\/de\\\/der-historische-pfad-in-theologos-bekommt-ein-neues-gesicht\\\/#breadcrumb\"},\"inLanguage\":\"de\",\"potentialAction\":[{\"@type\":\"ReadAction\",\"target\":[\"https:\\\/\\\/theologos-culturalclub.com\\\/de\\\/der-historische-pfad-in-theologos-bekommt-ein-neues-gesicht\\\/\"]}]},{\"@type\":\"ImageObject\",\"inLanguage\":\"de\",\"@id\":\"https:\\\/\\\/theologos-culturalclub.com\\\/de\\\/der-historische-pfad-in-theologos-bekommt-ein-neues-gesicht\\\/#primaryimage\",\"url\":\"https:\\\/\\\/theologos-culturalclub.com\\\/wp-content\\\/uploads\\\/fmt_redaktion\\\/beitrag\\\/2026\\\/kavalanews_14072026_img1.png\",\"contentUrl\":\"https:\\\/\\\/theologos-culturalclub.com\\\/wp-content\\\/uploads\\\/fmt_redaktion\\\/beitrag\\\/2026\\\/kavalanews_14072026_img1.png\",\"width\":596,\"height\":505},{\"@type\":\"BreadcrumbList\",\"@id\":\"https:\\\/\\\/theologos-culturalclub.com\\\/de\\\/der-historische-pfad-in-theologos-bekommt-ein-neues-gesicht\\\/#breadcrumb\",\"itemListElement\":[{\"@type\":\"ListItem\",\"position\":1,\"name\":\"Start\",\"item\":\"https:\\\/\\\/theologos-culturalclub.com\\\/de\\\/\"},{\"@type\":\"ListItem\",\"position\":2,\"name\":\"Der historische Pfad in neuem Gewand\"}]},{\"@type\":\"WebSite\",\"@id\":\"https:\\\/\\\/theologos-culturalclub.com\\\/de\\\/#website\",\"url\":\"https:\\\/\\\/theologos-culturalclub.com\\\/de\\\/\",\"name\":\"\u03a0\u03bf\u03bb\u03b9\u03c4\u03b9\u03c3\u03c4\u03b9\u03ba\u03cc\u03c2 \u03a3\u03cd\u03bb\u03bb\u03bf\u03b3\u03bf\u03c2 \u00ab\u0398\u03b5\u03cc\u03bb\u03bf\u03b3\u03bf\u03c2\u00bb\",\"description\":\"\u0391\u03c5\u03c4\u03ae \u03b5\u03af\u03bd\u03b1\u03b9 \u03b7 \u03b9\u03c3\u03c4\u03bf\u03c3\u03b5\u03bb\u03af\u03b4\u03b1 \u03c4\u03bf\u03c5 \u03a0\u03bf\u03bb\u03b9\u03c4\u03b9\u03c3\u03c4\u03b9\u03ba\u03bf\u03cd \u03a3\u03c5\u03bb\u03bb\u03cc\u03b3\u03bf\u03c5 \u00ab\u0398\u03b5\u03bf\u03bb\u03cc\u03b3\u03bf\u03c2\u00bb.\",\"publisher\":{\"@id\":\"https:\\\/\\\/theologos-culturalclub.com\\\/de\\\/#organization\"},\"alternateName\":\"\u0391\u03c5\u03c4\u03ae \u03b5\u03af\u03bd\u03b1\u03b9 \u03b7 \u03b9\u03c3\u03c4\u03bf\u03c3\u03b5\u03bb\u03af\u03b4\u03b1 \u03c4\u03bf\u03c5 \u03a0\u03bf\u03bb\u03b9\u03c4\u03b9\u03c3\u03c4\u03b9\u03ba\u03bf\u03cd \u03a3\u03c5\u03bb\u03bb\u03cc\u03b3\u03bf\u03c5 \u00ab\u0398\u03b5\u03bf\u03bb\u03cc\u03b3\u03bf\u03c2\u00bb.\",\"potentialAction\":[{\"@type\":\"SearchAction\",\"target\":{\"@type\":\"EntryPoint\",\"urlTemplate\":\"https:\\\/\\\/theologos-culturalclub.com\\\/de\\\/?s={search_term_string}\"},\"query-input\":{\"@type\":\"PropertyValueSpecification\",\"valueRequired\":true,\"valueName\":\"search_term_string\"}}],\"inLanguage\":\"de\"},{\"@type\":\"Organization\",\"@id\":\"https:\\\/\\\/theologos-culturalclub.com\\\/de\\\/#organization\",\"name\":\"\u03a0\u03bf\u03bb\u03b9\u03c4\u03b9\u03c3\u03c4\u03b9\u03ba\u03cc\u03c2 \u03a3\u03cd\u03bb\u03bb\u03bf\u03b3\u03bf\u03c2 \u00ab\u0398\u03b5\u03cc\u03bb\u03bf\u03b3\u03bf\u03c2\u00bb\",\"alternateName\":\"\u03a0\u03bf\u03bb\u03b9\u03c4\u03b9\u03c3\u03c4\u03b9\u03ba\u03cc\u03c2 \u03a3\u03cd\u03bb\u03bb\u03bf\u03b3\u03bf\u03c2 \u00ab\u0398\u03b5\u03cc\u03bb\u03bf\u03b3\u03bf\u03c2\u00bb\",\"url\":\"https:\\\/\\\/theologos-culturalclub.com\\\/de\\\/\",\"logo\":{\"@type\":\"ImageObject\",\"inLanguage\":\"de\",\"@id\":\"https:\\\/\\\/theologos-culturalclub.com\\\/de\\\/#\\\/schema\\\/logo\\\/image\\\/\",\"url\":\"https:\\\/\\\/theologos-culturalclub.com\\\/wp-content\\\/uploads\\\/fmt-logo_696_2.png\",\"contentUrl\":\"https:\\\/\\\/theologos-culturalclub.com\\\/wp-content\\\/uploads\\\/fmt-logo_696_2.png\",\"width\":696,\"height\":696,\"caption\":\"\u03a0\u03bf\u03bb\u03b9\u03c4\u03b9\u03c3\u03c4\u03b9\u03ba\u03cc\u03c2 \u03a3\u03cd\u03bb\u03bb\u03bf\u03b3\u03bf\u03c2 \u00ab\u0398\u03b5\u03cc\u03bb\u03bf\u03b3\u03bf\u03c2\u00bb\"},\"image\":{\"@id\":\"https:\\\/\\\/theologos-culturalclub.com\\\/de\\\/#\\\/schema\\\/logo\\\/image\\\/\"}},{\"@type\":\"Person\",\"@id\":\"https:\\\/\\\/theologos-culturalclub.com\\\/de\\\/#\\\/schema\\\/person\\\/326b359b81e1b86119856f6664794610\",\"name\":\"Klaus Tuttlies\",\"image\":{\"@type\":\"ImageObject\",\"inLanguage\":\"de\",\"@id\":\"https:\\\/\\\/secure.gravatar.com\\\/avatar\\\/7c58e31a6aa412e5e3b5ec894a2065a10d849ec9f06d2d984c26ec409633a2e9?s=96&d=mm&r=g\",\"url\":\"https:\\\/\\\/secure.gravatar.com\\\/avatar\\\/7c58e31a6aa412e5e3b5ec894a2065a10d849ec9f06d2d984c26ec409633a2e9?s=96&d=mm&r=g\",\"contentUrl\":\"https:\\\/\\\/secure.gravatar.com\\\/avatar\\\/7c58e31a6aa412e5e3b5ec894a2065a10d849ec9f06d2d984c26ec409633a2e9?s=96&d=mm&r=g\",\"caption\":\"Klaus Tuttlies\"}}]}<\/script>\n<!-- \/ Yoast SEO plugin. -->","yoast_head_json":{"title":"Der historische Pfad in neuem Gewand - theologos-culturalclub.com","description":"Der historische Pfad in neuem Gewand - Kulturverein Theologos \u2013 \u0398\u03b5\u03bf\u03bb\u03cc\u03b3\u03bf\u03c2, \u0398\u03ac\u03c3\u03bf\u03c2","robots":{"index":"index","follow":"follow","max-snippet":"max-snippet:-1","max-image-preview":"max-image-preview:large","max-video-preview":"max-video-preview:-1"},"canonical":"https:\/\/theologos-culturalclub.com\/de\/der-historische-pfad-in-theologos-bekommt-ein-neues-gesicht\/","og_locale":"de_DE","og_type":"article","og_title":"Der historische Pfad in neuem Gewand - theologos-culturalclub.com","og_description":"Der historische Pfad in neuem Gewand - Kulturverein Theologos \u2013 \u0398\u03b5\u03bf\u03bb\u03cc\u03b3\u03bf\u03c2, \u0398\u03ac\u03c3\u03bf\u03c2","og_url":"https:\/\/theologos-culturalclub.com\/de\/der-historische-pfad-in-theologos-bekommt-ein-neues-gesicht\/","og_site_name":"theologos-culturalclub.com","article_published_time":"2026-07-18T09:17:54+00:00","article_modified_time":"2026-07-19T19:36:43+00:00","og_image":[{"width":596,"height":505,"url":"https:\/\/theologos-culturalclub.com\/wp-content\/uploads\/fmt_redaktion\/beitrag\/2026\/kavalanews_14072026_img1.png","type":"image\/png"}],"author":"Klaus Tuttlies","twitter_misc":{"Verfasst von":"Klaus Tuttlies","Gesch\u00e4tzte Lesezeit":"1\u00a0Minute"},"schema":{"@context":"https:\/\/schema.org","@graph":[{"@type":"Article","@id":"https:\/\/theologos-culturalclub.com\/de\/der-historische-pfad-in-theologos-bekommt-ein-neues-gesicht\/#article","isPartOf":{"@id":"https:\/\/theologos-culturalclub.com\/de\/der-historische-pfad-in-theologos-bekommt-ein-neues-gesicht\/"},"author":{"name":"Klaus Tuttlies","@id":"https:\/\/theologos-culturalclub.com\/de\/#\/schema\/person\/326b359b81e1b86119856f6664794610"},"headline":"Der historische Pfad in neuem Gewand","datePublished":"2026-07-18T09:17:54+00:00","dateModified":"2026-07-19T19:36:43+00:00","mainEntityOfPage":{"@id":"https:\/\/theologos-culturalclub.com\/de\/der-historische-pfad-in-theologos-bekommt-ein-neues-gesicht\/"},"wordCount":300,"commentCount":0,"publisher":{"@id":"https:\/\/theologos-culturalclub.com\/de\/#organization"},"image":{"@id":"https:\/\/theologos-culturalclub.com\/de\/der-historische-pfad-in-theologos-bekommt-ein-neues-gesicht\/#primaryimage"},"thumbnailUrl":"https:\/\/theologos-culturalclub.com\/wp-content\/uploads\/fmt_redaktion\/beitrag\/2026\/kavalanews_14072026_img1.png","articleSection":["Unkategorisiert"],"inLanguage":"de","potentialAction":[{"@type":"CommentAction","name":"Comment","target":["https:\/\/theologos-culturalclub.com\/de\/der-historische-pfad-in-theologos-bekommt-ein-neues-gesicht\/#respond"]}]},{"@type":"WebPage","@id":"https:\/\/theologos-culturalclub.com\/de\/der-historische-pfad-in-theologos-bekommt-ein-neues-gesicht\/","url":"https:\/\/theologos-culturalclub.com\/de\/der-historische-pfad-in-theologos-bekommt-ein-neues-gesicht\/","name":"Der historische Pfad in neuem Gewand - theologos-culturalclub.com","isPartOf":{"@id":"https:\/\/theologos-culturalclub.com\/de\/#website"},"primaryImageOfPage":{"@id":"https:\/\/theologos-culturalclub.com\/de\/der-historische-pfad-in-theologos-bekommt-ein-neues-gesicht\/#primaryimage"},"image":{"@id":"https:\/\/theologos-culturalclub.com\/de\/der-historische-pfad-in-theologos-bekommt-ein-neues-gesicht\/#primaryimage"},"thumbnailUrl":"https:\/\/theologos-culturalclub.com\/wp-content\/uploads\/fmt_redaktion\/beitrag\/2026\/kavalanews_14072026_img1.png","datePublished":"2026-07-18T09:17:54+00:00","dateModified":"2026-07-19T19:36:43+00:00","description":"Der historische Pfad in neuem Gewand - Kulturverein Theologos \u2013 \u0398\u03b5\u03bf\u03bb\u03cc\u03b3\u03bf\u03c2, \u0398\u03ac\u03c3\u03bf\u03c2","breadcrumb":{"@id":"https:\/\/theologos-culturalclub.com\/de\/der-historische-pfad-in-theologos-bekommt-ein-neues-gesicht\/#breadcrumb"},"inLanguage":"de","potentialAction":[{"@type":"ReadAction","target":["https:\/\/theologos-culturalclub.com\/de\/der-historische-pfad-in-theologos-bekommt-ein-neues-gesicht\/"]}]},{"@type":"ImageObject","inLanguage":"de","@id":"https:\/\/theologos-culturalclub.com\/de\/der-historische-pfad-in-theologos-bekommt-ein-neues-gesicht\/#primaryimage","url":"https:\/\/theologos-culturalclub.com\/wp-content\/uploads\/fmt_redaktion\/beitrag\/2026\/kavalanews_14072026_img1.png","contentUrl":"https:\/\/theologos-culturalclub.com\/wp-content\/uploads\/fmt_redaktion\/beitrag\/2026\/kavalanews_14072026_img1.png","width":596,"height":505},{"@type":"BreadcrumbList","@id":"https:\/\/theologos-culturalclub.com\/de\/der-historische-pfad-in-theologos-bekommt-ein-neues-gesicht\/#breadcrumb","itemListElement":[{"@type":"ListItem","position":1,"name":"Start","item":"https:\/\/theologos-culturalclub.com\/de\/"},{"@type":"ListItem","position":2,"name":"Der historische Pfad in neuem Gewand"}]},{"@type":"WebSite","@id":"https:\/\/theologos-culturalclub.com\/de\/#website","url":"https:\/\/theologos-culturalclub.com\/de\/","name":"\u03a0\u03bf\u03bb\u03b9\u03c4\u03b9\u03c3\u03c4\u03b9\u03ba\u03cc\u03c2 \u03a3\u03cd\u03bb\u03bb\u03bf\u03b3\u03bf\u03c2 \u00ab\u0398\u03b5\u03cc\u03bb\u03bf\u03b3\u03bf\u03c2\u00bb","description":"\u0391\u03c5\u03c4\u03ae \u03b5\u03af\u03bd\u03b1\u03b9 \u03b7 \u03b9\u03c3\u03c4\u03bf\u03c3\u03b5\u03bb\u03af\u03b4\u03b1 \u03c4\u03bf\u03c5 \u03a0\u03bf\u03bb\u03b9\u03c4\u03b9\u03c3\u03c4\u03b9\u03ba\u03bf\u03cd \u03a3\u03c5\u03bb\u03bb\u03cc\u03b3\u03bf\u03c5 \u00ab\u0398\u03b5\u03bf\u03bb\u03cc\u03b3\u03bf\u03c2\u00bb.","publisher":{"@id":"https:\/\/theologos-culturalclub.com\/de\/#organization"},"alternateName":"\u0391\u03c5\u03c4\u03ae \u03b5\u03af\u03bd\u03b1\u03b9 \u03b7 \u03b9\u03c3\u03c4\u03bf\u03c3\u03b5\u03bb\u03af\u03b4\u03b1 \u03c4\u03bf\u03c5 \u03a0\u03bf\u03bb\u03b9\u03c4\u03b9\u03c3\u03c4\u03b9\u03ba\u03bf\u03cd \u03a3\u03c5\u03bb\u03bb\u03cc\u03b3\u03bf\u03c5 \u00ab\u0398\u03b5\u03bf\u03bb\u03cc\u03b3\u03bf\u03c2\u00bb.","potentialAction":[{"@type":"SearchAction","target":{"@type":"EntryPoint","urlTemplate":"https:\/\/theologos-culturalclub.com\/de\/?s={search_term_string}"},"query-input":{"@type":"PropertyValueSpecification","valueRequired":true,"valueName":"search_term_string"}}],"inLanguage":"de"},{"@type":"Organization","@id":"https:\/\/theologos-culturalclub.com\/de\/#organization","name":"\u03a0\u03bf\u03bb\u03b9\u03c4\u03b9\u03c3\u03c4\u03b9\u03ba\u03cc\u03c2 \u03a3\u03cd\u03bb\u03bb\u03bf\u03b3\u03bf\u03c2 \u00ab\u0398\u03b5\u03cc\u03bb\u03bf\u03b3\u03bf\u03c2\u00bb","alternateName":"\u03a0\u03bf\u03bb\u03b9\u03c4\u03b9\u03c3\u03c4\u03b9\u03ba\u03cc\u03c2 \u03a3\u03cd\u03bb\u03bb\u03bf\u03b3\u03bf\u03c2 \u00ab\u0398\u03b5\u03cc\u03bb\u03bf\u03b3\u03bf\u03c2\u00bb","url":"https:\/\/theologos-culturalclub.com\/de\/","logo":{"@type":"ImageObject","inLanguage":"de","@id":"https:\/\/theologos-culturalclub.com\/de\/#\/schema\/logo\/image\/","url":"https:\/\/theologos-culturalclub.com\/wp-content\/uploads\/fmt-logo_696_2.png","contentUrl":"https:\/\/theologos-culturalclub.com\/wp-content\/uploads\/fmt-logo_696_2.png","width":696,"height":696,"caption":"\u03a0\u03bf\u03bb\u03b9\u03c4\u03b9\u03c3\u03c4\u03b9\u03ba\u03cc\u03c2 \u03a3\u03cd\u03bb\u03bb\u03bf\u03b3\u03bf\u03c2 \u00ab\u0398\u03b5\u03cc\u03bb\u03bf\u03b3\u03bf\u03c2\u00bb"},"image":{"@id":"https:\/\/theologos-culturalclub.com\/de\/#\/schema\/logo\/image\/"}},{"@type":"Person","@id":"https:\/\/theologos-culturalclub.com\/de\/#\/schema\/person\/326b359b81e1b86119856f6664794610","name":"Klaus Tuttlies","image":{"@type":"ImageObject","inLanguage":"de","@id":"https:\/\/secure.gravatar.com\/avatar\/7c58e31a6aa412e5e3b5ec894a2065a10d849ec9f06d2d984c26ec409633a2e9?s=96&d=mm&r=g","url":"https:\/\/secure.gravatar.com\/avatar\/7c58e31a6aa412e5e3b5ec894a2065a10d849ec9f06d2d984c26ec409633a2e9?s=96&d=mm&r=g","contentUrl":"https:\/\/secure.gravatar.com\/avatar\/7c58e31a6aa412e5e3b5ec894a2065a10d849ec9f06d2d984c26ec409633a2e9?s=96&d=mm&r=g","caption":"Klaus Tuttlies"}}]}},"_links":{"self":[{"href":"https:\/\/theologos-culturalclub.com\/de\/wp-json\/wp\/v2\/posts\/2301","targetHints":{"allow":["GET"]}}],"collection":[{"href":"https:\/\/theologos-culturalclub.com\/de\/wp-json\/wp\/v2\/posts"}],"about":[{"href":"https:\/\/theologos-culturalclub.com\/de\/wp-json\/wp\/v2\/types\/post"}],"author":[{"embeddable":true,"href":"https:\/\/theologos-culturalclub.com\/de\/wp-json\/wp\/v2\/users\/6"}],"replies":[{"embeddable":true,"href":"https:\/\/theologos-culturalclub.com\/de\/wp-json\/wp\/v2\/comments?post=2301"}],"version-history":[{"count":11,"href":"https:\/\/theologos-culturalclub.com\/de\/wp-json\/wp\/v2\/posts\/2301\/revisions"}],"predecessor-version":[{"id":2415,"href":"https:\/\/theologos-culturalclub.com\/de\/wp-json\/wp\/v2\/posts\/2301\/revisions\/2415"}],"wp:featuredmedia":[{"embeddable":true,"href":"https:\/\/theologos-culturalclub.com\/de\/wp-json\/wp\/v2\/media\/2302"}],"wp:attachment":[{"href":"https:\/\/theologos-culturalclub.com\/de\/wp-json\/wp\/v2\/media?parent=2301"}],"wp:term":[{"taxonomy":"category","embeddable":true,"href":"https:\/\/theologos-culturalclub.com\/de\/wp-json\/wp\/v2\/categories?post=2301"},{"taxonomy":"post_tag","embeddable":true,"href":"https:\/\/theologos-culturalclub.com\/de\/wp-json\/wp\/v2\/tags?post=2301"}],"curies":[{"name":"wp","href":"https:\/\/api.w.org\/{rel}","templated":true}]}}